{"id":491999,"date":"2020-06-07T12:40:22","date_gmt":"2020-06-07T16:40:22","guid":{"rendered":"https:\/\/diarioelpopular.com\/?p=491999"},"modified":"2020-06-07T12:40:22","modified_gmt":"2020-06-07T16:40:22","slug":"el-virus-llega-a-cuba-en-buque-mercante","status":"publish","type":"post","link":"https:\/\/diarioelpopular.com\/index.php\/2020\/06\/07\/el-virus-llega-a-cuba-en-buque-mercante\/","title":{"rendered":"El virus llega a Cuba en buque mercante"},"content":{"rendered":"<div id=\"attachment_492000\" style=\"width: 160px\" class=\"wp-caption alignnone\"><img loading=\"lazy\" decoding=\"async\" aria-describedby=\"caption-attachment-492000\" class=\"size-thumbnail wp-image-492000\" src=\"https:\/\/diarioelpopular.com\/wp-content\/uploads\/2020\/06\/23ff93e4394a7e6a292fc5659a9a5df8-150x150.jpg\" alt=\"\" width=\"150\" height=\"150\" \/><p id=\"caption-attachment-492000\" class=\"wp-caption-text\"><em>El buque de la marina mercante cubana con tripulantes infectados tras una traves\u00eda a M\u00e9xico<\/em><\/p><\/div>\n<p>&nbsp;<\/p>\n<h4><em><strong>Tripulantes del barco enfermaron en viaje a M\u00e9xico<\/strong><\/em><\/h4>\n<p>&nbsp;<\/p>\n<p><strong><em>LA HABANA, 7 JUN &#8211;<\/em><\/strong> Cuba, que se mantuvo hoy por una semana sin muertes a causa de la Covid-19, vio aumentar a 40 los casos de contagios en las \u00faltimas horas por un brote de tripulantes cubanos en un barco mercante que retorn\u00f3 de M\u00e9xico.<br \/>\nLas autoridades divulgaron hoy que 22 marinos cubanos que ven\u00edan en el buque enfermaron durante el viaje y al arribar a puerto de la isla comenzaron de inmediato sus tratamientos en un hospital aislados de la poblaci\u00f3n local.<br \/>\n&#8220;Algunos me dicen que echamos para atr\u00e1s pero realmente son de las cosas que nos pueden pasar. No hubo transmisi\u00f3n en nuestro pa\u00eds&#8221;, explic\u00f3 sobre el incidente el doctor Francisco Dur\u00e1n, director nacional de Epidemiolog\u00eda, en su rueda de prensa diaria por la televisi\u00f3n nacional.<br \/>\nEl especialista atribuy\u00f3 la inexistencia de decesos en el pa\u00eds como un \u00e9xito de los tratamientos m\u00e9dicos que se aplican.<br \/>\nEl brote no detuvo la mejor\u00eda que registra el pa\u00eds hace varias semanas en la lucha contra la epidemia, seg\u00fan las cifras divulgadas por Dur\u00e1n.<br \/>\nAdem\u00e1s de la ausencia de fallecimientos, 11 provincias y un municipio especial, la Isla de la Juventud,siguen sin casos, la mayor\u00eda de los territorios por 15 d\u00edas y algunos por un mes . Tampoco se reportaron casos cr\u00edticos por la Covid-19.<br \/>\nEn cuanto a estad\u00edsticas generales, desde que se inici\u00f3 la pandemia mundial son 83 las personas fallecidas con 2173 infectados con el coronavirus en total. Son 1855 las altas de pacientes desde que comenz\u00f3 la epidemia.<br \/>\nLa Habana, capital del pa\u00eds, mantuvo una situaci\u00f3n &#8220;compleja&#8221; con respecto a la epidemia al registrar los 18 contaminados en el pa\u00eds con el virus en las \u00faltimas horas de los 40. Los restantes 22 son los detectados en el buque. La Habana se mantiene con 208 casos en los \u00faltimos 15 d\u00edas y alrededor de 1,100 desde el inicio como el mayor generador de casos en la epidemia nacionalmente.<br \/>\n&#8220;Solo en cuatro provincias,La Habana, Matanzas, Artemisa y Ciego de \u00c1vila, se encuentran la totalidad de los casos activos, lo cual evidencia la baja circulaci\u00f3n del virus en el resto del territorio nacional&#8221;, expuso el ministro de Salud P\u00fablica Jos\u00e9 \u00c1ngel Portal en una reuni\u00f3n oficial gubernamental, seg\u00fan lo cit\u00f3 la prensa local.<br \/>\nDe las cuatro demarcaciones mencionadas solo las provincias de La Habana y Matanzas mantienen la tasa de incidencia por cada 100,000 habitantes superior a uno, agreg\u00f3.<br \/>\nRevel\u00f3 que en la capital se desarrollan &#8220;m\u00e1s de 70 acciones de reforzamiento que han sido aprobadas por el Consejo de Defensa Provincial, las cuales est\u00e1n relacionadas fundamentalmente con la Salud P\u00fablica&#8221;.<br \/>\nEn el encuentro gubernamental el primer ministro Manuel Marrero se refiri\u00f3 a la econom\u00eda, que levanta preocupaci\u00f3n en las autoridades, al insistir en &#8220;la prioridad con que se debe trabajar para garantizar a la poblaci\u00f3n suministros estables de productos, pensando en cada una de las alternativas que puedan ser empleadas&#8221;.<br \/>\nComo ejemplo en la reuni\u00f3n gubernamental fue descrita la &#8220;compleja situaci\u00f3n&#8221; en cuanto a los alimentos en el municipio de Moa, en el extremo este del pa\u00eds. Fue advertido que all\u00ed &#8220;pr\u00e1cticamente no se realizan labores agropecuarias y estos productos llegan desde otros territorios&#8221;.<\/p>\n","protected":false},"excerpt":{"rendered":"<p>&nbsp; Tripulantes del barco enfermaron en viaje a M\u00e9xico &nbsp; LA HABANA, 7 JUN &#8211; Cuba, que se mantuvo hoy por una semana sin muertes&hellip;<\/p>\n","protected":false},"author":99,"featured_media":0,"comment_status":"open","ping_status":"open","sticky":false,"template":"","format":"standard","meta":{"footnotes":""},"categories":[23],"tags":[],"class_list":["post-491999","post","type-post","status-publish","format-standard","hentry","category-latinoamerica"],"_links":{"self":[{"href":"https:\/\/diarioelpopular.com\/index.php\/wp-json\/wp\/v2\/posts\/491999","targetHints":{"allow":["GET"]}}],"collection":[{"href":"https:\/\/diarioelpopular.com\/index.php\/wp-json\/wp\/v2\/posts"}],"about":[{"href":"https:\/\/diarioelpopular.com\/index.php\/wp-json\/wp\/v2\/types\/post"}],"author":[{"embeddable":true,"href":"https:\/\/diarioelpopular.com\/index.php\/wp-json\/wp\/v2\/users\/99"}],"replies":[{"embeddable":true,"href":"https:\/\/diarioelpopular.com\/index.php\/wp-json\/wp\/v2\/comments?post=491999"}],"version-history":[{"count":1,"href":"https:\/\/diarioelpopular.com\/index.php\/wp-json\/wp\/v2\/posts\/491999\/revisions"}],"predecessor-version":[{"id":492001,"href":"https:\/\/diarioelpopular.com\/index.php\/wp-json\/wp\/v2\/posts\/491999\/revisions\/492001"}],"wp:attachment":[{"href":"https:\/\/diarioelpopular.com\/index.php\/wp-json\/wp\/v2\/media?parent=491999"}],"wp:term":[{"taxonomy":"category","embeddable":true,"href":"https:\/\/diarioelpopular.com\/index.php\/wp-json\/wp\/v2\/categories?post=491999"},{"taxonomy":"post_tag","embeddable":true,"href":"https:\/\/diarioelpopular.com\/index.php\/wp-json\/wp\/v2\/tags?post=491999"}],"curies":[{"name":"wp","href":"https:\/\/api.w.org\/{rel}","templated":true}]}}