{"id":492005,"date":"2020-06-07T12:45:06","date_gmt":"2020-06-07T16:45:06","guid":{"rendered":"https:\/\/diarioelpopular.com\/?p=492005"},"modified":"2020-06-07T12:45:06","modified_gmt":"2020-06-07T16:45:06","slug":"se-disparan-los-contagios-de-ninos-en-mexico","status":"publish","type":"post","link":"https:\/\/diarioelpopular.com\/index.php\/2020\/06\/07\/se-disparan-los-contagios-de-ninos-en-mexico\/","title":{"rendered":"Se disparan los contagios de ni\u00f1os en M\u00e9xico"},"content":{"rendered":"<div id=\"attachment_492006\" style=\"width: 160px\" class=\"wp-caption alignnone\"><img loading=\"lazy\" decoding=\"async\" aria-describedby=\"caption-attachment-492006\" class=\"size-thumbnail wp-image-492006\" src=\"https:\/\/diarioelpopular.com\/wp-content\/uploads\/2020\/06\/f2b67956daacfe5fa03d751b4a0546cf-150x150.jpg\" alt=\"\" width=\"150\" height=\"150\" \/><p id=\"caption-attachment-492006\" class=\"wp-caption-text\"><em>Varios infectados con Covid-19 entre 0 y 17 a\u00f1os en M\u00e9xico.<\/em><\/p><\/div>\n<p>&nbsp;<\/p>\n<h4><em><strong>Inquietante tendencia pone en guardia a autoridades mexicanas<\/strong><\/em><\/h4>\n<p>&nbsp;<\/p>\n<p><strong><em>CIUDAD DE MEXICO, 7 JUN &#8211;<\/em> <\/strong>Los contagios de ni\u00f1os de cero a 17 a\u00f1os se dispararon en las \u00faltimas semanas, poniendo en guardia a las autoridades sanitarias ante esta inquietante tendencia, lo que arroja por tierra la idea de que se trata de una enfermedad que sobre todo ataca a los ancianos.<br \/>\nLa organizaci\u00f3n Save The Children lanz\u00f3 un vehemente llamado al gobierno a &#8220;ampliar la protecci\u00f3n social de los menores de edad y fortalecer las campa\u00f1as y acciones de prevenci\u00f3n, detecci\u00f3n y tratamiento oportuno de las enfermedades respiratorias agudas&#8221;.<br \/>\nLos casos pasaron de 84 el 12 de abril pasado a 2.228 el 4 de junio, revel\u00f3 el ministerio de Salud, al indicar que 46 personas de esta franja de edad fallecieron.<br \/>\nAunque la cifra relativa a\u00fan es baja con relaci\u00f3n al balance global de contagios (110.026 y 13.170 muertes, lo preocupante es la velocidad exponencial en que est\u00e1 creciendo la cantidad de v\u00edctimas.<br \/>\nLos casos positivos de coronavirus aumentaron 20 veces en el grupo de 0 a 5 a\u00f1os, 26 veces entre los de 6 a 11 a\u00f1os, y 28 veces en los adolescentes de 12 a 17 a\u00f1os, de acuerdo con un informe del Sistema Nacional de Protecci\u00f3n Integral de Ni\u00f1as, Ni\u00f1os y Adolescentes.<br \/>\nLa Ciudad de M\u00e9xico (con 703) y el Estado de M\u00e9xico (con 230) son los m\u00e1s afectados por contagios y muertes de menores de edad, seguidos por Guanajuato (centro, 146, Coahuila (norte, 77), y Tabasco (sureste, 73).<br \/>\nSave The Children pidi\u00f3 lanzar una campa\u00f1a de vacunaci\u00f3n para asegurar que a las ni\u00f1as, ni\u00f1os y adolescentes se les aplique la vacuna contra la influenza estacional, a fin de prevenir un doble brote infeccioso (de influenza y coronavirus), que pueda sobrecargar el sistema de salud en la pr\u00f3xima temporada invernal.<br \/>\n&#8220;Aunque este grupo de edad no ha sido catalogado de alto riesgo, estos datos nos alertan que tambi\u00e9n est\u00e1n expuestos a contagiarse, enfermar y, en algunos casos incluso, a no lograr sobrevivir&#8221;, advirti\u00f3 la ONG. La entidad record\u00f3 que &#8220;el virus a\u00fan no est\u00e1 controlado&#8221; por lo cual &#8220;ni\u00f1as, ni\u00f1os y adolescentes tambi\u00e9n corren riesgos y, por lo tanto, es necesario continuar con todas las medidas de prevenci\u00f3n recomendadas para evitar m\u00e1s contagios&#8221;.<br \/>\nLos m\u00e1s expuestos a la pandemia en M\u00e9xico, segundo pa\u00eds con m\u00e1s fallecimientos en Am\u00e9rica Latina, son los &#8220;menores de edad en condiciones de vulnerabilidad, pobreza y sin protecci\u00f3n social, que viven o trabajan en las calles&#8221;.<br \/>\nAsimismo, en esa lista figuran los &#8220;migrantes o solicitantes de refugio, y quienes est\u00e1n privados de su libertad est\u00e1n m\u00e1s expuestos al contagio&#8221;.<br \/>\nSave The Children indic\u00f3 que se debe &#8220;incorporar el principio del inter\u00e9s superior de la ni\u00f1ez&#8221; al plan del gobierno hacia la &#8220;Nueva Normalidad&#8221; en M\u00e9xico.<br \/>\nLas decisiones de pol\u00edtica p\u00fablica deben &#8220;responder a la crisis sanitaria y socioecon\u00f3mica&#8221;, considerando &#8220;de forma prioritaria la protecci\u00f3n integral, el bienestar pleno de la ni\u00f1ez y adolescencia, y la conciliaci\u00f3n laboral con la vida familiar&#8221;, sostuvo.<br \/>\nLos especialistas consideran que, a pesar de que los ni\u00f1os y adolescentes son la franja de menor riesgo de contraer el coronavirus, es necesario &#8220;extremar precauciones&#8221; sobre todo si existen enfermedades subyacentes.<br \/>\nEl Covid-19 afecta con poca frecuencia a los ni\u00f1os, con apenas 2% de los casos positivos a nivel mundial, en su mayor\u00eda asintom\u00e1ticos, pero los cient\u00edficos recomiendan poner atenci\u00f3n a brotes en esta franja de edad, ante el peligro de que los casos deriven en el denominado S\u00edndrome Inflamatorio Multisist\u00e9mico.<br \/>\nEl problema, similar al llamado S\u00edndrome de Kawasaki, del cual hasta ahora no se ha presentado ning\u00fan caso en M\u00e9xico desde el inicio de la pandemia, puede aparecer en ni\u00f1os y adolescentes de 8 a 15 a\u00f1os, en la fase aguda del Covid-19 (segundo a cuarto d\u00eda) o hasta cuatro semanas de haber dado positivo.<br \/>\nCarolina Sep\u00falveda, de la Facultad de Medicina de la Universidad Nacional Aut\u00f3noma de M\u00e9xico, alert\u00f3 que &#8220;el Covid-19 afecta tambi\u00e9n a la poblaci\u00f3n joven y debemos estar al tanto de su sintomatolog\u00eda para hacer un diagn\u00f3stico temprano y dar tratamiento oportuno&#8221;.<br \/>\n&#8220;Si el ni\u00f1o tiene fiebre persistente, inflamaci\u00f3n, enrojecimiento de boca y garganta, alguna erupci\u00f3n en la piel, lo m\u00e1s conveniente es buscar atenci\u00f3n m\u00e9dica oportuna para vigilar su evoluci\u00f3n&#8221;, recomend\u00f3.<\/p>\n","protected":false},"excerpt":{"rendered":"<p>&nbsp; Inquietante tendencia pone en guardia a autoridades mexicanas &nbsp; CIUDAD DE MEXICO, 7 JUN &#8211; Los contagios de ni\u00f1os de cero a 17 a\u00f1os&hellip;<\/p>\n","protected":false},"author":99,"featured_media":0,"comment_status":"open","ping_status":"open","sticky":false,"template":"","format":"standard","meta":{"footnotes":""},"categories":[23],"tags":[],"class_list":["post-492005","post","type-post","status-publish","format-standard","hentry","category-latinoamerica"],"_links":{"self":[{"href":"https:\/\/diarioelpopular.com\/index.php\/wp-json\/wp\/v2\/posts\/492005","targetHints":{"allow":["GET"]}}],"collection":[{"href":"https:\/\/diarioelpopular.com\/index.php\/wp-json\/wp\/v2\/posts"}],"about":[{"href":"https:\/\/diarioelpopular.com\/index.php\/wp-json\/wp\/v2\/types\/post"}],"author":[{"embeddable":true,"href":"https:\/\/diarioelpopular.com\/index.php\/wp-json\/wp\/v2\/users\/99"}],"replies":[{"embeddable":true,"href":"https:\/\/diarioelpopular.com\/index.php\/wp-json\/wp\/v2\/comments?post=492005"}],"version-history":[{"count":1,"href":"https:\/\/diarioelpopular.com\/index.php\/wp-json\/wp\/v2\/posts\/492005\/revisions"}],"predecessor-version":[{"id":492007,"href":"https:\/\/diarioelpopular.com\/index.php\/wp-json\/wp\/v2\/posts\/492005\/revisions\/492007"}],"wp:attachment":[{"href":"https:\/\/diarioelpopular.com\/index.php\/wp-json\/wp\/v2\/media?parent=492005"}],"wp:term":[{"taxonomy":"category","embeddable":true,"href":"https:\/\/diarioelpopular.com\/index.php\/wp-json\/wp\/v2\/categories?post=492005"},{"taxonomy":"post_tag","embeddable":true,"href":"https:\/\/diarioelpopular.com\/index.php\/wp-json\/wp\/v2\/tags?post=492005"}],"curies":[{"name":"wp","href":"https:\/\/api.w.org\/{rel}","templated":true}]}}