{"id":492008,"date":"2020-06-07T12:47:23","date_gmt":"2020-06-07T16:47:23","guid":{"rendered":"https:\/\/diarioelpopular.com\/?p=492008"},"modified":"2020-06-07T12:47:23","modified_gmt":"2020-06-07T16:47:23","slug":"grave-deficit-de-oxigeno-en-peru","status":"publish","type":"post","link":"https:\/\/diarioelpopular.com\/index.php\/2020\/06\/07\/grave-deficit-de-oxigeno-en-peru\/","title":{"rendered":"Grave d\u00e9ficit de ox\u00edgeno en Per\u00fa"},"content":{"rendered":"<div id=\"attachment_492009\" style=\"width: 160px\" class=\"wp-caption alignnone\"><img loading=\"lazy\" decoding=\"async\" aria-describedby=\"caption-attachment-492009\" class=\"size-thumbnail wp-image-492009\" src=\"https:\/\/diarioelpopular.com\/wp-content\/uploads\/2020\/06\/bea090b0900592da9f7405dd77f1db42-150x150.jpg\" alt=\"\" width=\"150\" height=\"150\" \/><p id=\"caption-attachment-492009\" class=\"wp-caption-text\"><em>Escasez de ox\u00edgeno en Per\u00fa, letal para pacientes graves (foto: ANSA)<\/em><\/p><\/div>\n<p>&nbsp;<\/p>\n<h4><em><strong>Vital para los pacientes m\u00e1s graves. No pueden asistirlos<\/strong><\/em><\/h4>\n<p>&nbsp;<\/p>\n<p><strong><em>LIMA, 7 JUN &#8211;<\/em> <\/strong>En medio de la virulenta pandemia, a Per\u00fa no le alcanzan sus reserva de ox\u00edgeno, que se utilizan para tratar pacientes graves, y la escasez dispara los precios de ese insumo vital, por lo que el gobierno decidi\u00f3 por decreto destrabar las compras y lo importar\u00e1.<br \/>\nEl presidente del Consejo de Ministros, Vicente Zeballos, inform\u00f3 a RPP Noticias hoy que la demanda actual de ox\u00edgeno en Per\u00fa es de 230 toneladas por d\u00eda, una cifra que puede aumentar.<br \/>\nZeballos consider\u00f3 que los problemas generados a nivel nacional por la falta de ox\u00edgeno y la especulaci\u00f3n en el precio &#8220;evidencia el grave desorden en el que est\u00e1 inmerso no solo el Estado, sino tambi\u00e9n el sistema de Salud&#8221;.<br \/>\nD\u00edas atr\u00e1s, la prensa local se\u00f1al\u00f3 que enfermos graves se acercan a los hospitales y como no hay ox\u00edgeno disponible vuelven a sus casas donde mueren y esas muertes no ingresan al sistema estad\u00edstico, por lo que los decesos por Covid-19 podr\u00edas ser cuatro veces m\u00e1s numerosos que los reportados oficial.<br \/>\nDirectores de centros de salud regionales advirtieron que esta escasez est\u00e1 costando vidas y que es tan grave que ni siquiera un incremento de la producci\u00f3n de ox\u00edgeno con fines medicinales por parte de plantas que habitualmente producen ox\u00edgeno para las minas va a cubrir el d\u00e9ficit. Peri\u00f3dicos locales tambi\u00e9n denunciaron una &#8220;desesperada carrera por buscar ox\u00edgeno&#8221;, que lleva a los peruanos a hacer colas de cientos de personas durante la madrugada y a pagar hasta diez veces su precio normal.<br \/>\nCilindros de 10 metros c\u00fabicos se cotizaban a 1.779 d\u00f3lares y las recargas a 15 d\u00f3lares el metro c\u00fabico, valores exorbitantes para el pa\u00eds. Aproximadamente el 15% de los pacientes de COVID-19 experimentan condiciones que requieren ox\u00edgeno y otro 5% necesitan respiradores, seg\u00fan la Organizaci\u00f3n Mundial de la Salud (OMS). Cuando un paciente se siente lo suficientemente mal como para ir a un hospital, a menudo tienen un nivel de ox\u00edgeno en la sangre que requiere atenci\u00f3n inmediata, advierte la OMS.<br \/>\nEl presidente Mart\u00edn Vizcarra anunci\u00f3 el jueves la compra de ox\u00edgeno por valor de 25 millones de d\u00f3lares y una partida de 3,2 millones de d\u00f3lares para producir plantas y generadores.<br \/>\n&#8220;Si podemos atender la demanda con el abastecimiento nacional, lo haremos&#8221;, dijo el mandatario. &#8220;Y si no, permite que puedan ser adquiridas las plantas y los generadores de ox\u00edgeno donde fuera necesario&#8221;, a\u00f1adi\u00f3.<br \/>\n&#8220;Per\u00fa, con su Amazon\u00eda, es el pulm\u00f3n del mundo&#8221;, dijo Iv\u00e1n Hidalgo, director acad\u00e9mico del Instituto de Gobierno y Gesti\u00f3n P\u00fablica de Lima. &#8220;Pero nos estamos muriendo por falta de ox\u00edgeno&#8221; complet\u00f3.<\/p>\n","protected":false},"excerpt":{"rendered":"<p>&nbsp; Vital para los pacientes m\u00e1s graves. No pueden asistirlos &nbsp; LIMA, 7 JUN &#8211; En medio de la virulenta pandemia, a Per\u00fa no le&hellip;<\/p>\n","protected":false},"author":99,"featured_media":0,"comment_status":"open","ping_status":"open","sticky":false,"template":"","format":"standard","meta":{"footnotes":""},"categories":[23],"tags":[],"class_list":["post-492008","post","type-post","status-publish","format-standard","hentry","category-latinoamerica"],"_links":{"self":[{"href":"https:\/\/diarioelpopular.com\/index.php\/wp-json\/wp\/v2\/posts\/492008","targetHints":{"allow":["GET"]}}],"collection":[{"href":"https:\/\/diarioelpopular.com\/index.php\/wp-json\/wp\/v2\/posts"}],"about":[{"href":"https:\/\/diarioelpopular.com\/index.php\/wp-json\/wp\/v2\/types\/post"}],"author":[{"embeddable":true,"href":"https:\/\/diarioelpopular.com\/index.php\/wp-json\/wp\/v2\/users\/99"}],"replies":[{"embeddable":true,"href":"https:\/\/diarioelpopular.com\/index.php\/wp-json\/wp\/v2\/comments?post=492008"}],"version-history":[{"count":1,"href":"https:\/\/diarioelpopular.com\/index.php\/wp-json\/wp\/v2\/posts\/492008\/revisions"}],"predecessor-version":[{"id":492010,"href":"https:\/\/diarioelpopular.com\/index.php\/wp-json\/wp\/v2\/posts\/492008\/revisions\/492010"}],"wp:attachment":[{"href":"https:\/\/diarioelpopular.com\/index.php\/wp-json\/wp\/v2\/media?parent=492008"}],"wp:term":[{"taxonomy":"category","embeddable":true,"href":"https:\/\/diarioelpopular.com\/index.php\/wp-json\/wp\/v2\/categories?post=492008"},{"taxonomy":"post_tag","embeddable":true,"href":"https:\/\/diarioelpopular.com\/index.php\/wp-json\/wp\/v2\/tags?post=492008"}],"curies":[{"name":"wp","href":"https:\/\/api.w.org\/{rel}","templated":true}]}}