{"id":492011,"date":"2020-06-07T12:49:54","date_gmt":"2020-06-07T16:49:54","guid":{"rendered":"https:\/\/diarioelpopular.com\/?p=492011"},"modified":"2020-06-07T12:49:54","modified_gmt":"2020-06-07T16:49:54","slug":"30-millones-de-regreso-a-la-pobreza","status":"publish","type":"post","link":"https:\/\/diarioelpopular.com\/index.php\/2020\/06\/07\/30-millones-de-regreso-a-la-pobreza\/","title":{"rendered":"30 millones de regreso a la pobreza"},"content":{"rendered":"<div id=\"attachment_492012\" style=\"width: 160px\" class=\"wp-caption alignnone\"><img loading=\"lazy\" decoding=\"async\" aria-describedby=\"caption-attachment-492012\" class=\"size-thumbnail wp-image-492012\" src=\"https:\/\/diarioelpopular.com\/wp-content\/uploads\/2020\/06\/a38ad218cbdee040012ca9490b555974-150x150.jpg\" alt=\"\" width=\"150\" height=\"150\" \/><p id=\"caption-attachment-492012\" class=\"wp-caption-text\"><em>Un ni\u00f1o mexicano en medio de la extrema pobreza (foto: Gentileza ONG Sopitas),<\/em><\/p><\/div>\n<h4><strong><em>Pron\u00f3stico tr\u00e1gico para Latinoam\u00e9rica del PNUD de la ONU<\/em><\/strong><\/h4>\n<p>&nbsp;<\/p>\n<p><strong><em>BUENOS AIRES, 7 JUN &#8211;<\/em><\/strong> Lo peor de la pandemia est\u00e1 llegando a Latinoam\u00e9rica, aunque tambi\u00e9n las consecuencias posteriores ser\u00e1n ser\u00e1 devastadoras pues unos 30 millones de personas regresaran a niveles de pobreza, pronostic\u00f3 el director regional Programa para el Desarrollo de las Naciones Unidas (PNUD), Luis Felipe L\u00f3pez Calva.<br \/>\n&#8220;Cerca de 30 millones de personas, en la regi\u00f3n, volver\u00e1n a caer en la pobreza despu\u00e9s de un per\u00edodo de reducci\u00f3n de pobreza que suma 15 a\u00f1os&#8221;, precis\u00f3 el funcionario que tambi\u00e9n es subsecretario general adjunto de la ONU. El mayor impacto del Covidd-19 se ver\u00e1 &#8220;en niveles sociales muy, muy bajos&#8221; a los que el Banco Mundial llama &#8220;de pobreza extrema&#8221;, dijo seg\u00fan lo publica este s\u00e1bado el peri\u00f3dico La Naci\u00f3n, de Asunci\u00f3n, Paraguay.<br \/>\nCuando la emergencia finalice, dijo L\u00f3pez-Calva, &#8220;en el Africa subsahariana habr\u00e1 cerca de 24 millones de personas que habr\u00e1n ca\u00eddo en ese nivel&#8221;.<br \/>\nEl funcionario de la ONU -un economista nacido en M\u00e9xico- habl\u00f3 en esos t\u00e9rminos a los participantes del curso online &#8220;Periodismo en la pandemia. Cubriendo Covid-19&#8221; que desarrolla el Centro Knigth para el Periodismo en las Am\u00e9ricas de la Universidad de Texas con la UNESCO.<br \/>\nTambi\u00e9n apunt\u00f3 como preocupaci\u00f3n, que en la informalidad laboral regional &#8220;las mujeres est\u00e1n especialmente sobre-representadas&#8221; por lo que &#8220;se convierten en un grupo altamente vulnerable&#8221;.<br \/>\nAsimismo, advirti\u00f3 que los impactos socioecon\u00f3micos del Covid-19 &#8220;son diferentes entre las regiones&#8221;, justific\u00f3 &#8220;el control de la pandemia, debido a la incertidumbre, a la magnitud y (la necesidad de ubicar d\u00f3nde est\u00e1n) los principales puntos calientes de contagio&#8221;.<br \/>\nEs eso, grafic\u00f3, lo que &#8220;conduce a un cierre completo&#8221; de la econom\u00eda. &#8220;La emergencia sanitaria, b\u00e1sicamente, se convierte en el elemento m\u00e1s importante&#8221; en el inicio de la crisis en la que &#8220;luego, se detiene la econom\u00eda&#8221;, indic\u00f3 L\u00f3pez-Calva.<br \/>\nCon esas medidas, &#8220;la econom\u00eda se contrae&#8221; y, &#8220;en muchos casos, todo el gasto se contrae, por lo que las empresas empiezan a tener problemas de liquidez, no pueden pagar los salarios y, eventualmente, tienen que despedir a la gente que (en consecuencia) deja de recibir sus salarios&#8221;, describi\u00f3.<br \/>\nY advirti\u00f3 que, &#8220;los grandes grupos de poblaci\u00f3n que se ven afectados muy duramente por estas situaciones&#8221;, se encuentran &#8220;en pa\u00edses de ingresos medios y bajos&#8221;, donde encima hay &#8220;seguro de desempleo o mecanismos muy limitados para proteger a esas personas&#8221;. Entonces, dijo. &#8220;los gobiernos son reactivos&#8221; y rechazan medidas proteccionistas, &#8220;pero tratamos de transferir ingresos&#8221; desde organismos internacionales.<br \/>\nY esto es porque &#8220;el principal impacto (de las medidas restrictivas y de cierre para frenar los contagios) tiene que ver con el empobrecimiento monetario&#8221;.<br \/>\n&#8220;En Am\u00e9rica Latina, si se toman las l\u00edneas nacionales de pobreza (previas a la emergencia) se prev\u00e9 que cerca de 30 millones de personas volver\u00e1n a caer&#8221; en esa categor\u00eda despu\u00e9s de un per\u00edodo de reducci\u00f3n (en ese indicador) durante 15 a\u00f1os&#8221;, insisti\u00f3, seg\u00fan lo publicado por La Naci\u00f3n. Esos se ver\u00e1 especialmente en las franjas sociales muy bajas, las que el Banco Mundial llama de &#8220;pobreza extrema, con 1,9 d\u00f3lares diarios de ingreso por persona&#8221;, detall\u00f3. Tambi\u00e9n subray\u00f3 problemas en el proceso educativo de la regi\u00f3n, porque el coronavirua a obligado a la implementaci\u00f3n de aulas virtuales, pero &#8220;en muchos pa\u00edses&#8221; latinoamericanos, muchos grupos sociales &#8220;no tienen acceso&#8221; a esas herramientas por lo que habr\u00e1 &#8220;una segunda etapa de impacto en la capacidad de individuos, ni\u00f1os, j\u00f3venes para continuar con su educaci\u00f3n&#8221;.<br \/>\nPara determinar el tercero de los impactos de las medidas para enfrentar el covid-19, L\u00f3pez-Calva propuso &#8220;investigar las quiebras y a las empresas que no tienen la capacidad de pagar sus pr\u00e9stamos&#8221;. Eso permitir\u00e1 establecer &#8220;un gran impacto en el sector financiero&#8221; lo que har\u00e1 evidente que &#8220;la pandemia est\u00e1 afectando realmente a las econom\u00edas y a los individuos con mucha dureza&#8221;.<\/p>\n","protected":false},"excerpt":{"rendered":"<p>Pron\u00f3stico tr\u00e1gico para Latinoam\u00e9rica del PNUD de la ONU &nbsp; BUENOS AIRES, 7 JUN &#8211; Lo peor de la pandemia est\u00e1 llegando a Latinoam\u00e9rica, aunque&hellip;<\/p>\n","protected":false},"author":99,"featured_media":0,"comment_status":"open","ping_status":"open","sticky":false,"template":"","format":"standard","meta":{"footnotes":""},"categories":[23],"tags":[],"class_list":["post-492011","post","type-post","status-publish","format-standard","hentry","category-latinoamerica"],"_links":{"self":[{"href":"https:\/\/diarioelpopular.com\/index.php\/wp-json\/wp\/v2\/posts\/492011","targetHints":{"allow":["GET"]}}],"collection":[{"href":"https:\/\/diarioelpopular.com\/index.php\/wp-json\/wp\/v2\/posts"}],"about":[{"href":"https:\/\/diarioelpopular.com\/index.php\/wp-json\/wp\/v2\/types\/post"}],"author":[{"embeddable":true,"href":"https:\/\/diarioelpopular.com\/index.php\/wp-json\/wp\/v2\/users\/99"}],"replies":[{"embeddable":true,"href":"https:\/\/diarioelpopular.com\/index.php\/wp-json\/wp\/v2\/comments?post=492011"}],"version-history":[{"count":1,"href":"https:\/\/diarioelpopular.com\/index.php\/wp-json\/wp\/v2\/posts\/492011\/revisions"}],"predecessor-version":[{"id":492013,"href":"https:\/\/diarioelpopular.com\/index.php\/wp-json\/wp\/v2\/posts\/492011\/revisions\/492013"}],"wp:attachment":[{"href":"https:\/\/diarioelpopular.com\/index.php\/wp-json\/wp\/v2\/media?parent=492011"}],"wp:term":[{"taxonomy":"category","embeddable":true,"href":"https:\/\/diarioelpopular.com\/index.php\/wp-json\/wp\/v2\/categories?post=492011"},{"taxonomy":"post_tag","embeddable":true,"href":"https:\/\/diarioelpopular.com\/index.php\/wp-json\/wp\/v2\/tags?post=492011"}],"curies":[{"name":"wp","href":"https:\/\/api.w.org\/{rel}","templated":true}]}}