{"id":492030,"date":"2020-06-08T10:06:24","date_gmt":"2020-06-08T14:06:24","guid":{"rendered":"https:\/\/diarioelpopular.com\/?p=492030"},"modified":"2020-06-08T10:06:24","modified_gmt":"2020-06-08T14:06:24","slug":"brasil-de-apertura-en-el-peor-momento","status":"publish","type":"post","link":"https:\/\/diarioelpopular.com\/index.php\/2020\/06\/08\/brasil-de-apertura-en-el-peor-momento\/","title":{"rendered":"Brasil de apertura en el peor momento"},"content":{"rendered":"<div id=\"attachment_492031\" style=\"width: 160px\" class=\"wp-caption alignnone\"><img loading=\"lazy\" decoding=\"async\" aria-describedby=\"caption-attachment-492031\" class=\"size-thumbnail wp-image-492031\" src=\"https:\/\/diarioelpopular.com\/wp-content\/uploads\/2020\/06\/b8a618572a7958ba904703b24fef81bf-150x150.jpg\" alt=\"\" width=\"150\" height=\"150\" \/><p id=\"caption-attachment-492031\" class=\"wp-caption-text\"><em>M\u00e1s y m\u00e1s tumbas, desoladora imagen de un cementerio de San Pablo.<\/em><\/p><\/div>\n<h4><\/h4>\n<h4><em><strong>Aumentan los contagios, pero Bolsonaro decide no dar m\u00e1s datos<\/strong><\/em><\/h4>\n<p>&nbsp;<\/p>\n<p><em><strong>SAN PABLO, 8 JUN &#8211;<\/strong><\/em> Seis capitales regionales de Brasil, que concentran el 45% de las muertes por Covid-19 relajan la cuarentena, lo que es visto por los expertos en pol\u00edticas sanitarias como &#8220;una negligencia&#8221;, que est\u00e1 en l\u00ednea con las posturas del presidente Jair Bolsonaro.<br \/>\nSe trata de San Pablo, R\u00edo de Janeiro, Fortaleza, Bel\u00e9m, Manaos y Recife, todas exhiben curvas ascendentes de casos y muertes, pero las autoridades argumentan que la ocupaci\u00f3n de la unidades de terapia intensiva (UCI) ha disminuido, lo que justifica la flexibilizaci\u00f3n.<br \/>\nSeg\u00fan un detallado informe del portal G1, las seis capitales estatales brasile\u00f1as concentran el 45% de las m\u00e1s de 34 mil muertes causadas por el nuevo coronavirus. Y todas comenzaron los planes para relajar la cuarentena y ya lo est\u00e1n haciendo. Los sanitaristas y cient\u00edficos apuntan que la decisi\u00f3n es &#8220;negligente&#8221; y &#8220;altamente riesgosa&#8221; y que puede potenciar al virus.<br \/>\nEl jueves pasado, Brasil rompi\u00f3 un nuevo r\u00e9cord con la confirmaci\u00f3n de 1,471 muertes en 24 horas, seg\u00fan datos recopilados por G1 con los departamentos de salud de los estados, que difieren con los que gobierno federal.<br \/>\nEl gobierno de Brasil dej\u00f3 de publicar el total acumulado de muertos e infectados de Covid-19 en una decisi\u00f3n extraordinaria que las voces cr\u00edticas describieron como un intento de ocultar el alcance real de la enfermedad en el pa\u00eds m\u00e1s grande de Am\u00e9rica Latina.<br \/>\nLa medida resuelta anoche lleg\u00f3 tras meses de cr\u00edticas de los expertos, que describieron las estad\u00edsticas brasile\u00f1as como muy deficientes, y en ocasiones manipuladas, de modo que quiz\u00e1 sea imposible conocer jam\u00e1s el alcance de la pandemia en el pa\u00eds, especulan los entendidos.<br \/>\nLos \u00faltimos datos oficiales registraban m\u00e1s de 34 mil muertes en Brasil relacionadas con el coronavirus, la tercera cifra m\u00e1s alta del mundo y superando a Italia. Tambi\u00e9n contabilizaban casi 615.000 infecciones, lo que les situaba en segundo lugar, por detr\u00e1s de Estados Unidos. Brasil, con unos 210 millones de habitantes, es el s\u00e9ptimo pa\u00eds m\u00e1s poblado del mundo.<br \/>\nEl presidente Bolsonaro, tuite\u00f3 el s\u00e1bado que los totales de la enfermedad &#8220;no son representativos&#8221; de la situaci\u00f3n actual del pa\u00eds.<br \/>\nM\u00e1s a\u00fan, un estrecho colaborador de Bolsonaro dijo al peri\u00f3dico O Globo que al menos algunos estados que enviaban cifras al ministerio de Salud hab\u00edan mandado &#8220;datos falsificados&#8221; e insinu\u00f3 que estaban exagerando llas cifras de contagiados y muertos.<br \/>\nCarlos Wizard, un empresario que se espera asuma un puesto de alto nivel en el ministerio de Salud que tiene al frente exmilitares de confianza de Bolsonaro, dijo que el gobierno har\u00eda una investigaci\u00f3n para determinar unas cifras &#8220;m\u00e1s precisas&#8221;.<\/p>\n","protected":false},"excerpt":{"rendered":"<p>Aumentan los contagios, pero Bolsonaro decide no dar m\u00e1s datos &nbsp; SAN PABLO, 8 JUN &#8211; Seis capitales regionales de Brasil, que concentran el 45%&hellip;<\/p>\n","protected":false},"author":99,"featured_media":0,"comment_status":"open","ping_status":"open","sticky":false,"template":"","format":"standard","meta":{"footnotes":""},"categories":[23],"tags":[],"class_list":["post-492030","post","type-post","status-publish","format-standard","hentry","category-latinoamerica"],"_links":{"self":[{"href":"https:\/\/diarioelpopular.com\/index.php\/wp-json\/wp\/v2\/posts\/492030","targetHints":{"allow":["GET"]}}],"collection":[{"href":"https:\/\/diarioelpopular.com\/index.php\/wp-json\/wp\/v2\/posts"}],"about":[{"href":"https:\/\/diarioelpopular.com\/index.php\/wp-json\/wp\/v2\/types\/post"}],"author":[{"embeddable":true,"href":"https:\/\/diarioelpopular.com\/index.php\/wp-json\/wp\/v2\/users\/99"}],"replies":[{"embeddable":true,"href":"https:\/\/diarioelpopular.com\/index.php\/wp-json\/wp\/v2\/comments?post=492030"}],"version-history":[{"count":1,"href":"https:\/\/diarioelpopular.com\/index.php\/wp-json\/wp\/v2\/posts\/492030\/revisions"}],"predecessor-version":[{"id":492032,"href":"https:\/\/diarioelpopular.com\/index.php\/wp-json\/wp\/v2\/posts\/492030\/revisions\/492032"}],"wp:attachment":[{"href":"https:\/\/diarioelpopular.com\/index.php\/wp-json\/wp\/v2\/media?parent=492030"}],"wp:term":[{"taxonomy":"category","embeddable":true,"href":"https:\/\/diarioelpopular.com\/index.php\/wp-json\/wp\/v2\/categories?post=492030"},{"taxonomy":"post_tag","embeddable":true,"href":"https:\/\/diarioelpopular.com\/index.php\/wp-json\/wp\/v2\/tags?post=492030"}],"curies":[{"name":"wp","href":"https:\/\/api.w.org\/{rel}","templated":true}]}}