{"id":492053,"date":"2020-06-09T12:03:23","date_gmt":"2020-06-09T16:03:23","guid":{"rendered":"https:\/\/diarioelpopular.com\/?p=492053"},"modified":"2020-06-09T12:03:23","modified_gmt":"2020-06-09T16:03:23","slug":"fiscalia-argentina-recibe-documentos-sobre-espionaje-durante-el-gobierno-de-macri","status":"publish","type":"post","link":"https:\/\/diarioelpopular.com\/index.php\/2020\/06\/09\/fiscalia-argentina-recibe-documentos-sobre-espionaje-durante-el-gobierno-de-macri\/","title":{"rendered":"Fiscal\u00eda argentina recibe documentos sobre espionaje durante el Gobierno de Macri"},"content":{"rendered":"<div id=\"attachment_492054\" style=\"width: 646px\" class=\"wp-caption alignnone\"><img loading=\"lazy\" decoding=\"async\" aria-describedby=\"caption-attachment-492054\" class=\"size-custom-full-size wp-image-492054\" src=\"https:\/\/diarioelpopular.com\/wp-content\/uploads\/2020\/06\/macri-636x454.jpg\" alt=\"\" width=\"636\" height=\"454\" \/><p id=\"caption-attachment-492054\" class=\"wp-caption-text\">Expresidente de Argentina, Mauricio Macri \/ Fotograf\u00eda: Clar\u00edn<\/p><\/div>\n<h4><\/h4>\n<h4><em><strong>La Agencia Federal de Inteligencia (AFI) argentina entreg\u00f3 este lunes a la Fiscal\u00eda la documentaci\u00f3n que acreditar\u00eda el presunto espionaje ilegal a 403 periodistas, 28 acad\u00e9micos y 58 dirigentes pol\u00edticos y sociales durante el Gobierno de Mauricio Macri.<\/strong><\/em><\/h4>\n<p>Los individuos aparentemente afectados son personas que se hab\u00edan registrado para asistir a dos importantes eventos internacionales, ambos desarrollados en Argentina: la cumbre de la Organizaci\u00f3n Mundial del Comercio (OMC), en 2017, y las reuniones del Grupo de los 20 (G20), en 2018.<br \/>\nAs\u00ed, los servicios de Inteligencia prepararon carpetas especiales con datos personales de los solicitantes. Seg\u00fan la documentaci\u00f3n hallada en las oficinas de la AFI, estas fichas estaban pintadas con los colores rojo, amarillo y verde, dependiendo del posicionamiento pol\u00edtico de los sujetos investigados. De hecho, en su momento a varios periodistas se les neg\u00f3 la acreditaci\u00f3n oficial, sin grandes explicaciones.<\/p>\n<p>Adem\u00e1s, durante el macrismo la AFI se habr\u00eda ocupado de documentar los posteos realizados en las redes sociales de esos periodistas, incluso sobre tem\u00e1ticas sobre derechos de las mujeres, como la posible despenalizaci\u00f3n del aborto.<\/p>\n<p>Entre tanto, esta es la segunda denuncia que la actual interventora de la AFI, Cristina Caama\u00f1o, realiza contra la administraci\u00f3n anterior.<\/p>\n<p><em><strong>&#8220;Es bastante impresionante&#8221;<\/strong><\/em><\/p>\n<p>La presidenta de la Fundaci\u00f3n V\u00eda Libre, Beatriz Busaniche, es una de las personas que participar\u00e1 de la denuncia, como particular damnificada: &#8220;Es bastante impresionante. No solamente hay informaci\u00f3n abierta, en mi caso hay datos sobre mis cuentas bancarias, mi familia y vecinos&#8221;, subraya.<\/p>\n<p>En contrapartida, la exministra de Seguridad Patricia Bullrich justific\u00f3 el accionar de Inteligencia, se\u00f1alando que todo estuvo enmarcado dentro de la ley argentina.<\/p>\n<p>Por su parte, la actual vicepresidenta, Cristina Fern\u00e1ndez de Kirchner, salud\u00f3 a los comunicadores por el D\u00eda del Periodista e hizo menci\u00f3n a la pol\u00e9mica: &#8220;La persecuci\u00f3n y el espionaje del Gobierno de Macri tambi\u00e9n afect\u00f3 a muchas y muchos de ellos, ahora lo sabemos todos y todas&#8221;. En ese marco, Fern\u00e1ndez de Kirchner ya acudi\u00f3 al juzgado federal de Lomas de Zamora para presentarse como querellante por el caso de espionaje, donde se sospecha que importantes actores del narcotr\u00e1fico pudieron haber tenido participaci\u00f3n, inform\u00f3 RT.<\/p>\n","protected":false},"excerpt":{"rendered":"<p>La Agencia Federal de Inteligencia (AFI) argentina entreg\u00f3 este lunes a la Fiscal\u00eda la documentaci\u00f3n que acreditar\u00eda el presunto espionaje ilegal a 403 periodistas, 28&hellip;<\/p>\n","protected":false},"author":99,"featured_media":0,"comment_status":"open","ping_status":"open","sticky":false,"template":"","format":"standard","meta":{"footnotes":""},"categories":[23],"tags":[],"class_list":["post-492053","post","type-post","status-publish","format-standard","hentry","category-latinoamerica"],"_links":{"self":[{"href":"https:\/\/diarioelpopular.com\/index.php\/wp-json\/wp\/v2\/posts\/492053","targetHints":{"allow":["GET"]}}],"collection":[{"href":"https:\/\/diarioelpopular.com\/index.php\/wp-json\/wp\/v2\/posts"}],"about":[{"href":"https:\/\/diarioelpopular.com\/index.php\/wp-json\/wp\/v2\/types\/post"}],"author":[{"embeddable":true,"href":"https:\/\/diarioelpopular.com\/index.php\/wp-json\/wp\/v2\/users\/99"}],"replies":[{"embeddable":true,"href":"https:\/\/diarioelpopular.com\/index.php\/wp-json\/wp\/v2\/comments?post=492053"}],"version-history":[{"count":1,"href":"https:\/\/diarioelpopular.com\/index.php\/wp-json\/wp\/v2\/posts\/492053\/revisions"}],"predecessor-version":[{"id":492055,"href":"https:\/\/diarioelpopular.com\/index.php\/wp-json\/wp\/v2\/posts\/492053\/revisions\/492055"}],"wp:attachment":[{"href":"https:\/\/diarioelpopular.com\/index.php\/wp-json\/wp\/v2\/media?parent=492053"}],"wp:term":[{"taxonomy":"category","embeddable":true,"href":"https:\/\/diarioelpopular.com\/index.php\/wp-json\/wp\/v2\/categories?post=492053"},{"taxonomy":"post_tag","embeddable":true,"href":"https:\/\/diarioelpopular.com\/index.php\/wp-json\/wp\/v2\/tags?post=492053"}],"curies":[{"name":"wp","href":"https:\/\/api.w.org\/{rel}","templated":true}]}}