{"id":492056,"date":"2020-06-09T12:06:15","date_gmt":"2020-06-09T16:06:15","guid":{"rendered":"https:\/\/diarioelpopular.com\/?p=492056"},"modified":"2020-06-09T12:06:15","modified_gmt":"2020-06-09T16:06:15","slug":"peru-registra-3-181-casos-de-coronavirus-en-las-ultimas-24-horas","status":"publish","type":"post","link":"https:\/\/diarioelpopular.com\/index.php\/2020\/06\/09\/peru-registra-3-181-casos-de-coronavirus-en-las-ultimas-24-horas\/","title":{"rendered":"Per\u00fa registra 3.181 casos de coronavirus en las \u00faltimas 24 horas"},"content":{"rendered":"<div id=\"attachment_492057\" style=\"width: 646px\" class=\"wp-caption alignnone\"><img loading=\"lazy\" decoding=\"async\" aria-describedby=\"caption-attachment-492057\" class=\"size-custom-full-size wp-image-492057\" src=\"https:\/\/diarioelpopular.com\/wp-content\/uploads\/2020\/06\/eleva_cifra-636x454.jpg\" alt=\"\" width=\"636\" height=\"454\" \/><p id=\"caption-attachment-492057\" class=\"wp-caption-text\"><em>El n\u00famero de v\u00edctimas fatales ascendi\u00f3 a 5.571, luego de la muerte de otras 106 personas por la pandemia.<\/em><\/p><\/div>\n<p>&nbsp;<\/p>\n<h4><em><strong>El Ministerio de Salud de Per\u00fa inform\u00f3 este lunes 8 de junio que en las \u00faltimas 24 horas se confirmaron 3.181 nuevos casos de coronavirus, elevando la cifra de contagios a 199.696.<\/strong><\/em><\/h4>\n<p>Entretanto, el n\u00famero de v\u00edctimas fatales ascendi\u00f3 a 5.571, luego de la muerte de otras 106 personas por la pandemia, detalla el bolet\u00edn oficial.<\/p>\n<p>Hasta este domingo 7 de junio, Per\u00fa, el segundo pa\u00eds m\u00e1s afectado de Am\u00e9rica Latina, solo detr\u00e1s de Brasil, contabilizaba 196.515 infectados por coronavirus y 5.465 fallecidos.<\/p>\n<p>Seg\u00fan el Ministerio de Salud, de los casos activos, 9.661 pacientes est\u00e1n hospitalizados, y de ellos, 1.072 se encuentran en unidades de cuidados intensivos, con ventilaci\u00f3n mec\u00e1nica.<\/p>\n<p>A la fecha, Lima sigue siendo la regi\u00f3n con el mayor n\u00famero de infectados, con 118.036 diagn\u00f3sticos positivos, es decir, 59,1 % de los casos registrados a nivel nacional.<\/p>\n<p>estadisticas, pandemia, coronavirus, informe, contagios, sintomas, fallecidos, afectados, nuevo casos<\/p>\n","protected":false},"excerpt":{"rendered":"<p>&nbsp; El Ministerio de Salud de Per\u00fa inform\u00f3 este lunes 8 de junio que en las \u00faltimas 24 horas se confirmaron 3.181 nuevos casos de&hellip;<\/p>\n","protected":false},"author":99,"featured_media":0,"comment_status":"open","ping_status":"open","sticky":false,"template":"","format":"standard","meta":{"footnotes":""},"categories":[23],"tags":[],"class_list":["post-492056","post","type-post","status-publish","format-standard","hentry","category-latinoamerica"],"_links":{"self":[{"href":"https:\/\/diarioelpopular.com\/index.php\/wp-json\/wp\/v2\/posts\/492056","targetHints":{"allow":["GET"]}}],"collection":[{"href":"https:\/\/diarioelpopular.com\/index.php\/wp-json\/wp\/v2\/posts"}],"about":[{"href":"https:\/\/diarioelpopular.com\/index.php\/wp-json\/wp\/v2\/types\/post"}],"author":[{"embeddable":true,"href":"https:\/\/diarioelpopular.com\/index.php\/wp-json\/wp\/v2\/users\/99"}],"replies":[{"embeddable":true,"href":"https:\/\/diarioelpopular.com\/index.php\/wp-json\/wp\/v2\/comments?post=492056"}],"version-history":[{"count":1,"href":"https:\/\/diarioelpopular.com\/index.php\/wp-json\/wp\/v2\/posts\/492056\/revisions"}],"predecessor-version":[{"id":492058,"href":"https:\/\/diarioelpopular.com\/index.php\/wp-json\/wp\/v2\/posts\/492056\/revisions\/492058"}],"wp:attachment":[{"href":"https:\/\/diarioelpopular.com\/index.php\/wp-json\/wp\/v2\/media?parent=492056"}],"wp:term":[{"taxonomy":"category","embeddable":true,"href":"https:\/\/diarioelpopular.com\/index.php\/wp-json\/wp\/v2\/categories?post=492056"},{"taxonomy":"post_tag","embeddable":true,"href":"https:\/\/diarioelpopular.com\/index.php\/wp-json\/wp\/v2\/tags?post=492056"}],"curies":[{"name":"wp","href":"https:\/\/api.w.org\/{rel}","templated":true}]}}