{"id":492074,"date":"2020-06-10T18:51:44","date_gmt":"2020-06-10T22:51:44","guid":{"rendered":"https:\/\/diarioelpopular.com\/?p=492074"},"modified":"2020-06-10T18:51:44","modified_gmt":"2020-06-10T22:51:44","slug":"crece-escandalo-de-presunto-espionaje","status":"publish","type":"post","link":"https:\/\/diarioelpopular.com\/index.php\/2020\/06\/10\/crece-escandalo-de-presunto-espionaje\/","title":{"rendered":"Crece esc\u00e1ndalo de presunto espionaje"},"content":{"rendered":"<div id=\"attachment_492075\" style=\"width: 160px\" class=\"wp-caption alignnone\"><img loading=\"lazy\" decoding=\"async\" aria-describedby=\"caption-attachment-492075\" class=\"size-thumbnail wp-image-492075\" src=\"https:\/\/diarioelpopular.com\/wp-content\/uploads\/2020\/06\/f777d45d4e495ec049b7cf3daba2858d-150x150.jpg\" alt=\"\" width=\"150\" height=\"150\" \/><p id=\"caption-attachment-492075\" class=\"wp-caption-text\"><em>Macri en el G20 en Buenos Aires.<\/em><\/p><\/div>\n<p>&nbsp;<\/p>\n<h4><em><strong>Gobierno anuncia intervenci\u00f3n de Servicio Penitenciario<\/strong><\/em><\/h4>\n<p>&nbsp;<\/p>\n<p><em><strong>BUENOS AIRES, 10 JUN &#8211;<\/strong><\/em> El gobierno de Argentina se encamina a intervenir el Servicio Penitenciario Federal (SPF), que administra y controla las c\u00e1rceles del pa\u00eds, ante las denuncias de presunto espionaje durante el gobierno de Mauricio Macri, un entuerto que tambi\u00e9n afecta a periodistas, funcionarios y pol\u00edticos.<br \/>\nEl presidente Alberto Fern\u00e1ndez reiter\u00f3 hoy su &#8220;enorme preocupaci\u00f3n&#8221; ante el presunto espionaje en la Agencia Federal de Inteligencia (AFI) durante la administraci\u00f3n anterior y anunci\u00f3 la decisi\u00f3n de intervenir el SPF.<br \/>\n&#8220;Espero que la Justicia haga lo que tiene que hacer&#8221; con las denuncias de presunto espionaje ilegal, dijo Fern\u00e1ndez en declaraciones a Radio 10 y recalco que su gobierno trabaja para que &#8220;estas cosas nunca m\u00e1s ocurran&#8221;.<br \/>\nCaama\u00f1o denunci\u00f3 presuntos v\u00ednculos entre funcionarios y miembros de la AFI para espiar ilegalmente a empresarios y ex funcionarios kirchneristas presos en las c\u00e1rceles federales, lo que deriv\u00f3 en la reciente apertura de una cauda a cargo del juez federal de Lomas de Zamora (periferia de Buenos Aires) Federico Villena.<br \/>\nEn ese contexto miembros de la Polic\u00eda de Seguridad Aeroportuaria (PSA) allanaron distintos espacios del penal de Ezeiza por orden de Villena, que tambi\u00e9n orden\u00f3 revisiones minuciosas en las oficinas de la Direcci\u00f3n de An\u00e1lisis de Informaci\u00f3n del SPF, el sector de inteligencia conocido por el nombre de &#8220;\u00c1rea 50&#8221;.<br \/>\nAsimismo, la AFI, ahora bajo control de Caama\u00f1o, entreg\u00f3 el lunes a la titular de la Fiscal\u00eda en lo Criminal y Correccional Federal n\u00famero 10, Paloma Ochoa, las casi 500 fichas de periodistas, dirigentes sociales y pol\u00edticos, acad\u00e9micos y empresarios, entre otros, en el marco de la denuncia por &#8220;producci\u00f3n de inteligencia ilegal&#8221; presentada en la Justicia federal.<br \/>\nEn las fichas de periodistas aparecen muchos de los acreditados a la Cumbre del G20 en Buenos Aires (diciembre de 2018) y a la reuni\u00f3n de la Organizaci\u00f3n Mundial de Comercio (OMC), tambi\u00e9n en la capital argentina (diciembre de 2017), entre ellos siete miembros de la redacci\u00f3n de ANSA Latina.<br \/>\nAlgunas de las fichas, a las que tuvo acceso ANSA, tienen comentarios sobre actividades fuera de la profesi\u00f3n, gustos pol\u00edticos o militancias de los periodistas, informaciones que aparentemente son de conocimiento p\u00fablico, pero que nada tienen que ver con las cuestiones del G20 o la OMC.<br \/>\nLa denuncia solicita la citaci\u00f3n del expresidente Macri (gobern\u00f3 Argentina entre 2015 y 2019), &#8220;en su calidad de responsable de fijar los lineamientos estrat\u00e9gicos y objetivos generales de la pol\u00edtica de Inteligencia Nacional (art\u00edculo 12, de la ley 25.520)&#8221;.<br \/>\nSeg\u00fan public\u00f3 hoy la prensa local, varias de las v\u00edctimas directas de esta &#8220;producci\u00f3n de inteligencia ilegal&#8221; -como califica la denuncia- analizan presentarse, a su vez, en una querella conjunta.<br \/>\nEmpero, piden que el Estado garantice que esa y cualquier otra informaci\u00f3n recolectada de manera ilegal sea destruida, y que adem\u00e1s se investigue si no fue compartida, en su momento, con agencias de inteligencia de otros pa\u00edses.<\/p>\n","protected":false},"excerpt":{"rendered":"<p>&nbsp; Gobierno anuncia intervenci\u00f3n de Servicio Penitenciario &nbsp; BUENOS AIRES, 10 JUN &#8211; El gobierno de Argentina se encamina a intervenir el Servicio Penitenciario Federal&hellip;<\/p>\n","protected":false},"author":99,"featured_media":0,"comment_status":"open","ping_status":"open","sticky":false,"template":"","format":"standard","meta":{"footnotes":""},"categories":[23],"tags":[],"class_list":["post-492074","post","type-post","status-publish","format-standard","hentry","category-latinoamerica"],"_links":{"self":[{"href":"https:\/\/diarioelpopular.com\/index.php\/wp-json\/wp\/v2\/posts\/492074","targetHints":{"allow":["GET"]}}],"collection":[{"href":"https:\/\/diarioelpopular.com\/index.php\/wp-json\/wp\/v2\/posts"}],"about":[{"href":"https:\/\/diarioelpopular.com\/index.php\/wp-json\/wp\/v2\/types\/post"}],"author":[{"embeddable":true,"href":"https:\/\/diarioelpopular.com\/index.php\/wp-json\/wp\/v2\/users\/99"}],"replies":[{"embeddable":true,"href":"https:\/\/diarioelpopular.com\/index.php\/wp-json\/wp\/v2\/comments?post=492074"}],"version-history":[{"count":1,"href":"https:\/\/diarioelpopular.com\/index.php\/wp-json\/wp\/v2\/posts\/492074\/revisions"}],"predecessor-version":[{"id":492076,"href":"https:\/\/diarioelpopular.com\/index.php\/wp-json\/wp\/v2\/posts\/492074\/revisions\/492076"}],"wp:attachment":[{"href":"https:\/\/diarioelpopular.com\/index.php\/wp-json\/wp\/v2\/media?parent=492074"}],"wp:term":[{"taxonomy":"category","embeddable":true,"href":"https:\/\/diarioelpopular.com\/index.php\/wp-json\/wp\/v2\/categories?post=492074"},{"taxonomy":"post_tag","embeddable":true,"href":"https:\/\/diarioelpopular.com\/index.php\/wp-json\/wp\/v2\/tags?post=492074"}],"curies":[{"name":"wp","href":"https:\/\/api.w.org\/{rel}","templated":true}]}}