{"id":492107,"date":"2020-06-11T12:10:42","date_gmt":"2020-06-11T16:10:42","guid":{"rendered":"https:\/\/diarioelpopular.com\/?p=492107"},"modified":"2020-06-11T12:10:42","modified_gmt":"2020-06-11T16:10:42","slug":"100-tumbas-en-copacabana-para-protestar","status":"publish","type":"post","link":"https:\/\/diarioelpopular.com\/index.php\/2020\/06\/11\/100-tumbas-en-copacabana-para-protestar\/","title":{"rendered":"100 tumbas en Copacabana para protestar"},"content":{"rendered":"<div id=\"attachment_492108\" style=\"width: 310px\" class=\"wp-caption alignnone\"><img loading=\"lazy\" decoding=\"async\" aria-describedby=\"caption-attachment-492108\" class=\"size-medium wp-image-492108\" src=\"https:\/\/diarioelpopular.com\/wp-content\/uploads\/2020\/06\/07194778d95a963dad963cbe6204d219-300x194.jpg\" alt=\"\" width=\"300\" height=\"194\" \/><p id=\"caption-attachment-492108\" class=\"wp-caption-text\"><em>100 tumbas en Copacabana para protestar<\/em><br \/><em>(foto: EPA)<\/em><\/p><\/div>\n<p>&nbsp;<\/p>\n<p><em><strong>SAN PABLO, 11 JUN &#8211;<\/strong><\/em> La ONG brasile\u00f1a &#8220;Rio de paz&#8221; excav\u00f3 cien tumbas en la playa de Copacabana, en una singular protesta para criticar la acci\u00f3n del gobierno federal frente a la pandemia de coronavirus.<br \/>\nUnos 40 voluntarios de la ONG cavaron las tumbas, con sendas cruces, frente al hotel Copacabana Palace para simbolizar &#8220;la muerte de Brasil&#8221; y pedir al gobierno de Jair Bolsonaro m\u00e1s compromiso en la lucha contra la pandemia.<br \/>\nAntonio Carlos Costa, presidente de la ONG, dijo que las tumbas son una alusi\u00f3n a los &#8220;cementerios llenos, como el de Manaos&#8221;.<br \/>\n&#8220;Pedimos al gobierno un cronograma, queremos saber qu\u00e9 pasar\u00e1 de aqu\u00ed a uno o dos meses, a d\u00f3nde est\u00e1 yendo Brasil. No hay una meta, no hay una programaci\u00f3n. No hubo una sola expresi\u00f3n de compasi\u00f3n de parte del presidente de la rep\u00fablica, un poco de solidaridad por los que sufren&#8221;, agreg\u00f3 Costa.<\/p>\n","protected":false},"excerpt":{"rendered":"<p>&nbsp; SAN PABLO, 11 JUN &#8211; La ONG brasile\u00f1a &#8220;Rio de paz&#8221; excav\u00f3 cien tumbas en la playa de Copacabana, en una singular protesta para&hellip;<\/p>\n","protected":false},"author":99,"featured_media":0,"comment_status":"open","ping_status":"open","sticky":false,"template":"","format":"standard","meta":{"footnotes":""},"categories":[23],"tags":[],"class_list":["post-492107","post","type-post","status-publish","format-standard","hentry","category-latinoamerica"],"_links":{"self":[{"href":"https:\/\/diarioelpopular.com\/index.php\/wp-json\/wp\/v2\/posts\/492107","targetHints":{"allow":["GET"]}}],"collection":[{"href":"https:\/\/diarioelpopular.com\/index.php\/wp-json\/wp\/v2\/posts"}],"about":[{"href":"https:\/\/diarioelpopular.com\/index.php\/wp-json\/wp\/v2\/types\/post"}],"author":[{"embeddable":true,"href":"https:\/\/diarioelpopular.com\/index.php\/wp-json\/wp\/v2\/users\/99"}],"replies":[{"embeddable":true,"href":"https:\/\/diarioelpopular.com\/index.php\/wp-json\/wp\/v2\/comments?post=492107"}],"version-history":[{"count":1,"href":"https:\/\/diarioelpopular.com\/index.php\/wp-json\/wp\/v2\/posts\/492107\/revisions"}],"predecessor-version":[{"id":492109,"href":"https:\/\/diarioelpopular.com\/index.php\/wp-json\/wp\/v2\/posts\/492107\/revisions\/492109"}],"wp:attachment":[{"href":"https:\/\/diarioelpopular.com\/index.php\/wp-json\/wp\/v2\/media?parent=492107"}],"wp:term":[{"taxonomy":"category","embeddable":true,"href":"https:\/\/diarioelpopular.com\/index.php\/wp-json\/wp\/v2\/categories?post=492107"},{"taxonomy":"post_tag","embeddable":true,"href":"https:\/\/diarioelpopular.com\/index.php\/wp-json\/wp\/v2\/tags?post=492107"}],"curies":[{"name":"wp","href":"https:\/\/api.w.org\/{rel}","templated":true}]}}