{"id":492113,"date":"2020-06-11T12:14:49","date_gmt":"2020-06-11T16:14:49","guid":{"rendered":"https:\/\/diarioelpopular.com\/?p=492113"},"modified":"2020-06-11T12:14:49","modified_gmt":"2020-06-11T16:14:49","slug":"chile-reporta-192-nuevos-fallecidos-por-coronavirus","status":"publish","type":"post","link":"https:\/\/diarioelpopular.com\/index.php\/2020\/06\/11\/chile-reporta-192-nuevos-fallecidos-por-coronavirus\/","title":{"rendered":"Chile reporta 192 nuevos fallecidos por coronavirus"},"content":{"rendered":"<p><img loading=\"lazy\" decoding=\"async\" class=\"alignnone size-medium wp-image-492114\" src=\"https:\/\/diarioelpopular.com\/wp-content\/uploads\/2020\/06\/chilenos-1-300x214.jpg\" alt=\"\" width=\"300\" height=\"214\" \/><\/p>\n<p>El ministro de Salud Chile, Jaime Ma\u00f1alich, inform\u00f3 este mi\u00e9rcoles 10 de junio que la cifra de fallecidos por la pandemia del coronavirus en el pa\u00eds sudamericano se elev\u00f3 a 2.475, tras sumar 192 muertes m\u00e1s asociadas a la pandemia del coronavirus.<\/p>\n<p>Ma\u00f1alich inform\u00f3 que el aumento de las cifras de v\u00edctimas fatales se debe al cambio de metodolog\u00eda en el conteo de los fallecidos en la emergencia sanitaria. Precis\u00f3, como ya hab\u00eda adelantado este martes, que ahora se cuentan los muertos una vez sea registrada la defunci\u00f3n ante el Registro Civil.<\/p>\n<p>Seg\u00fan el funcionario, estos 192 fallecimientos fueron registrados el pasado lunes 8 de junio en el Registro Civil; pero, corresponden a 48 muertes ocurridas hasta el 5 de junio, 49 el d\u00eda 6, 76 el 7 y 19 el 8 del mes en curso.<\/p>\n<p>Por su parte, el n\u00famero de contagiados ascendi\u00f3 a 148.496, tras confirmarse 5.737 diagn\u00f3sticos positivos en las \u00faltimas 24 horas; la segunda cifra m\u00e1s alta en un solo d\u00eda, luego de los 6.405 registrados el pasado domingo 7 de junio.<\/p>\n<p>Ma\u00f1alich se\u00f1al\u00f3 que del total de contagiados, est\u00e1n activos personas consideradas contagiantes 24.201 pacientes. El subsecretario de Redes Asistenciales del Ministerio de Salud chileno, Arturo Z\u00fa\u00f1iga, por su parte, detall\u00f3 que de los casos activos, 1.590 personas se encuentran hospitalizadas, de ellas, 1.354 est\u00e1n con ventilaci\u00f3n mec\u00e1nica y 365 en estado cr\u00edtico.<\/p>\n<p>Adem\u00e1s, el ministro Ma\u00f1alich anunci\u00f3 que Valpara\u00edso y Vi\u00f1a del Mar entran en cuarentena total. Junto a ellos en la Regi\u00f3n Metropolitana, Pe\u00f1aflor y la zona urbana de Melipilla, Curacav\u00ed, Tiltil y San Jos\u00e9 de Maipo. Asimismo, en la comuna de Pirque habr\u00e1 cord\u00f3n sanitario, al igual que en el Alto Biobio.<\/p>\n<p>Hasta este martes 9 de junio, este pa\u00eds sudamericano registraba 142.759 infectados y 2.283 muertes por la pandemia.<\/p>\n","protected":false},"excerpt":{"rendered":"<p>El ministro de Salud Chile, Jaime Ma\u00f1alich, inform\u00f3 este mi\u00e9rcoles 10 de junio que la cifra de fallecidos por la pandemia del coronavirus en el&hellip;<\/p>\n","protected":false},"author":99,"featured_media":0,"comment_status":"open","ping_status":"open","sticky":false,"template":"","format":"standard","meta":{"footnotes":""},"categories":[23],"tags":[],"class_list":["post-492113","post","type-post","status-publish","format-standard","hentry","category-latinoamerica"],"_links":{"self":[{"href":"https:\/\/diarioelpopular.com\/index.php\/wp-json\/wp\/v2\/posts\/492113","targetHints":{"allow":["GET"]}}],"collection":[{"href":"https:\/\/diarioelpopular.com\/index.php\/wp-json\/wp\/v2\/posts"}],"about":[{"href":"https:\/\/diarioelpopular.com\/index.php\/wp-json\/wp\/v2\/types\/post"}],"author":[{"embeddable":true,"href":"https:\/\/diarioelpopular.com\/index.php\/wp-json\/wp\/v2\/users\/99"}],"replies":[{"embeddable":true,"href":"https:\/\/diarioelpopular.com\/index.php\/wp-json\/wp\/v2\/comments?post=492113"}],"version-history":[{"count":1,"href":"https:\/\/diarioelpopular.com\/index.php\/wp-json\/wp\/v2\/posts\/492113\/revisions"}],"predecessor-version":[{"id":492115,"href":"https:\/\/diarioelpopular.com\/index.php\/wp-json\/wp\/v2\/posts\/492113\/revisions\/492115"}],"wp:attachment":[{"href":"https:\/\/diarioelpopular.com\/index.php\/wp-json\/wp\/v2\/media?parent=492113"}],"wp:term":[{"taxonomy":"category","embeddable":true,"href":"https:\/\/diarioelpopular.com\/index.php\/wp-json\/wp\/v2\/categories?post=492113"},{"taxonomy":"post_tag","embeddable":true,"href":"https:\/\/diarioelpopular.com\/index.php\/wp-json\/wp\/v2\/tags?post=492113"}],"curies":[{"name":"wp","href":"https:\/\/api.w.org\/{rel}","templated":true}]}}