{"id":492117,"date":"2020-06-11T20:23:33","date_gmt":"2020-06-12T00:23:33","guid":{"rendered":"https:\/\/diarioelpopular.com\/?p=492117"},"modified":"2020-06-11T20:23:33","modified_gmt":"2020-06-12T00:23:33","slug":"argentina-puede-volver-a-hora-cero","status":"publish","type":"post","link":"https:\/\/diarioelpopular.com\/index.php\/2020\/06\/11\/argentina-puede-volver-a-hora-cero\/","title":{"rendered":"Argentina puede volver a hora cero"},"content":{"rendered":"<div id=\"attachment_492118\" style=\"width: 310px\" class=\"wp-caption alignnone\"><img loading=\"lazy\" decoding=\"async\" aria-describedby=\"caption-attachment-492118\" class=\"size-medium wp-image-492118\" src=\"https:\/\/diarioelpopular.com\/wp-content\/uploads\/2020\/06\/078293369a4d5fad6cd45a8f64f836a0-300x200.jpg\" alt=\"\" width=\"300\" height=\"200\" \/><p id=\"caption-attachment-492118\" class=\"wp-caption-text\"><em>Desesperaci\u00f3n por correr en Buenos Aires. Osad\u00eda que dispara los contagios.<\/em><\/p><\/div>\n<p>&nbsp;<\/p>\n<h4><strong><em>Otra vez estalla la controversia, Buenos Aires tambalea<\/em><\/strong><\/h4>\n<p>&nbsp;<\/p>\n<p><em><strong>BUENOS AIRES, 11 JUN &#8211;<\/strong><\/em> El ministro de Salud de Argentina, Gin\u00e9s Gonz\u00e1lez Garc\u00eda, avis\u00f3 hoy que la poblaci\u00f3n de Buenos Aires y su periferia &#8220;est\u00e1 aflojando&#8221; con las restricciones y la distancia social &#8220;en el momento menos apropiado&#8221; de la pandemia.<br \/>\nEl funcionario sigui\u00f3 en la l\u00ednea del presidente Alberto Fern\u00e1ndez, que en la v\u00edspera desliz\u00f3 la la posibilidad de que retornen las duras restricciones por la velocidad de contagios que se registran en la capital y su populosa periferia.<br \/>\nLuego de la pol\u00e9mica que se desat\u00f3 por los &#8220;runners&#8221; corriendo sin mantener la distancia adecuada en varios parques de la ciudad de Buenos Aires, y mientras crecen los contagios por coronavirus, Fern\u00e1ndez no descart\u00f3 volver a una cuarentena estricta, tal como la que se llev\u00f3 a cabo en los meses de marzo y de abril.<br \/>\nSeg\u00fan Fern\u00e1ndez, la cantidad de contagios &#8220;es la m\u00e1s alta desde que lleg\u00f3 a la Argentina, por lo cual deber\u00edamos estar en la fase 1, que es la cuarentena absoluta&#8221;. En ese sentido, tambi\u00e9n se pronunci\u00f3 hoy el ministro de Salud, quien aprovech\u00f3 la ocasi\u00f3n tambi\u00e9n para criticar a opositores y algunos sectores medi\u00e1ticos que han presionado por terminar con la cuarentena en nombre de las libertades o del mercado.<br \/>\n&#8220;Hay mucha presi\u00f3n de colegas periodistas que salieron a hablar en nombre de la libertad y la Constituci\u00f3n, pero no s\u00e9 qu\u00e9 libertad piden. O se deja que el mercado haga lo que quiera, como en Estados Unidos y Brasil, o el Estado se mete con una pol\u00edtica y conducta seria para proteger a los que m\u00e1s necesitan&#8221;, sostuvo el ministro Gonz\u00e1lez Garc\u00eda.<br \/>\n&#8220;Estamos aflojando en el momento en que menos tenemos que aflojar&#8221;, se quej\u00f3, despu\u00e9s de se vieran una cantidad de corredores en las plazas y en los parques de la ciudad.<br \/>\nEl ministro de Salud de la ciudad de Buenos Aires, Fern\u00e1n Quiroz, conf\u00eda, seg\u00fan Gonz\u00e1lez Garc\u00eda, en que &#8220;el grado de contagio no es alto. (Pero en la capital argentina) ya no hay barrios vulnerables, hoy se ha convertido en una ciudad vulnerable. Estamos en momentos de ser m\u00e1s cuidadosos, de respetar distanciamiento y aislamiento&#8221;, insisti\u00f3.<br \/>\nEn Argentina se ha producido una de las cuarentenas m\u00e1s largas del mundo, iniciada el 20 de marzo, y que persiste hasta el pr\u00f3ximo 28 de junio, aunque se ha flexibilizado en distintas partes del pa\u00eds. Adem\u00e1s, hasta el momento es uno de los pa\u00edses de Am\u00e9rica Latina con menos infecciones y fallecidos, pues registra unos 25.974 contagiados de coronavirus y 735 muertos.<br \/>\nEl n\u00facleo problem\u00e1tico de la pandemia se encuentra sobre todo en la capital argentina y su populosa periferia, dos distritos gobernados por dirigentes de distinto signo pol\u00edtico que, hasta ahora, a\u00fan con algunos contrastes y tensiones, han coordinado las decisiones para gestionar iniciativas destinadas a evitar contagios. En la ciudad de Buenos Aires, en particular, el principal foco de contagios se encontraba en los barrios populares, en los geri\u00e1tricos y en los centros de salud, pero ahora, varios funcionarios y epidemi\u00f3logos subrayan que circula por toda la ciudad.<br \/>\nEn ese sentido tambi\u00e9n se pronunci\u00f3 el presidente argentino, al afirmar: &#8220;Piensen que la Ciudad de Buenos Aires tiene tantos casos como la provincia de Buenos Aires, con la diferencia de que la provincia de Buenos Aires tiene el triple de habitantes&#8221;.<br \/>\n&#8220;Los porte\u00f1os creemos que esto qued\u00f3 circunscrito a los barrios m\u00e1s humildes y esto no es as\u00ed. El 70% del virus -remarc\u00f3- est\u00e1 circulando por Caballito, por Palermo, por Recoleta&#8221;, que son barrios habitados por sectores de clase media y alta.<br \/>\nA las cr\u00edticas a la actitud de los porte\u00f1os se sum\u00f3 uno de los m\u00e9dicos que asesora al presidente argentino, Luis C\u00e1mera.<br \/>\nEn contra del permiso dispuesto por el Gobierno de la Ciudad de Buenos Aires de autorizar la actividad f\u00edsica entre las 20 y las 8 de la ma\u00f1ana, el m\u00e9dico consider\u00f3 que los porte\u00f1os que se amontonaron mientras corr\u00edan por parques y plazas de la ciudad &#8220;son unos millennials est\u00fapidos, sin conciencia social&#8221;.<br \/>\nDe acuerdo con C\u00e1mera, &#8220;son los mismos que se fueron de vacaciones en marzo cuando arranc\u00f3 la pandemia, y despu\u00e9s ped\u00edan hist\u00e9ricamente: resc\u00e1tenme!, resc\u00e1tenme!&#8221;.<\/p>\n","protected":false},"excerpt":{"rendered":"<p>&nbsp; Otra vez estalla la controversia, Buenos Aires tambalea &nbsp; BUENOS AIRES, 11 JUN &#8211; El ministro de Salud de Argentina, Gin\u00e9s Gonz\u00e1lez Garc\u00eda, avis\u00f3&hellip;<\/p>\n","protected":false},"author":99,"featured_media":0,"comment_status":"open","ping_status":"open","sticky":false,"template":"","format":"standard","meta":{"footnotes":""},"categories":[23],"tags":[],"class_list":["post-492117","post","type-post","status-publish","format-standard","hentry","category-latinoamerica"],"_links":{"self":[{"href":"https:\/\/diarioelpopular.com\/index.php\/wp-json\/wp\/v2\/posts\/492117","targetHints":{"allow":["GET"]}}],"collection":[{"href":"https:\/\/diarioelpopular.com\/index.php\/wp-json\/wp\/v2\/posts"}],"about":[{"href":"https:\/\/diarioelpopular.com\/index.php\/wp-json\/wp\/v2\/types\/post"}],"author":[{"embeddable":true,"href":"https:\/\/diarioelpopular.com\/index.php\/wp-json\/wp\/v2\/users\/99"}],"replies":[{"embeddable":true,"href":"https:\/\/diarioelpopular.com\/index.php\/wp-json\/wp\/v2\/comments?post=492117"}],"version-history":[{"count":1,"href":"https:\/\/diarioelpopular.com\/index.php\/wp-json\/wp\/v2\/posts\/492117\/revisions"}],"predecessor-version":[{"id":492119,"href":"https:\/\/diarioelpopular.com\/index.php\/wp-json\/wp\/v2\/posts\/492117\/revisions\/492119"}],"wp:attachment":[{"href":"https:\/\/diarioelpopular.com\/index.php\/wp-json\/wp\/v2\/media?parent=492117"}],"wp:term":[{"taxonomy":"category","embeddable":true,"href":"https:\/\/diarioelpopular.com\/index.php\/wp-json\/wp\/v2\/categories?post=492117"},{"taxonomy":"post_tag","embeddable":true,"href":"https:\/\/diarioelpopular.com\/index.php\/wp-json\/wp\/v2\/tags?post=492117"}],"curies":[{"name":"wp","href":"https:\/\/api.w.org\/{rel}","templated":true}]}}