{"id":492120,"date":"2020-06-11T20:26:08","date_gmt":"2020-06-12T00:26:08","guid":{"rendered":"https:\/\/diarioelpopular.com\/?p=492120"},"modified":"2020-06-11T20:26:08","modified_gmt":"2020-06-12T00:26:08","slug":"brasil-empeora-mas-de-40-mil-muertes","status":"publish","type":"post","link":"https:\/\/diarioelpopular.com\/index.php\/2020\/06\/11\/brasil-empeora-mas-de-40-mil-muertes\/","title":{"rendered":"Brasil empeora, m\u00e1s de 40 mil muertes"},"content":{"rendered":"<div id=\"attachment_492121\" style=\"width: 310px\" class=\"wp-caption alignnone\"><img loading=\"lazy\" decoding=\"async\" aria-describedby=\"caption-attachment-492121\" class=\"size-medium wp-image-492121\" src=\"https:\/\/diarioelpopular.com\/wp-content\/uploads\/2020\/06\/4b1c77b6f627b89f160960a796b12127-300x200.jpg\" alt=\"\" width=\"300\" height=\"200\" \/><p id=\"caption-attachment-492121\" class=\"wp-caption-text\"><em>Las muertes se multiplican en Brasil, casi 800 mil positivos.<\/em><\/p><\/div>\n<p>&nbsp;<\/p>\n<h4><em><strong>Medios de prensa arman un pool para llevar las estad\u00edsticas<\/strong><\/em><\/h4>\n<p><em><strong>SAN PABLO, 11 JUN &#8211;<\/strong> <\/em>Brasil sumaba este jueves 40.276 muertes por Covid-19 y un total de 787.489 casos confirmados, seg\u00fan datos reunidos por un consorcio de medios de prensa, que se asociaron para el c\u00e1lculo ante la ausencia de datos oficiales unificados.<br \/>\nEl trabajo lo arman periodistas de G1, O Globo, Extra, Estadao, Folha y UOL utilizando datos de los departamentos de salud estatales.<br \/>\nSeg\u00fan esa recopilaci\u00f3n, dijo el portal G1, el 17 de marzo ocurri\u00f3 el primer deceso en el pa\u00eds, el 10 de abril las v\u00edctimas fatales sumaban 1.141 y para el 10 de mayo ya llegaban a 11.040.<br \/>\nAl d\u00eda de hoy, en tanto, son m\u00e1s de 40, lo que implica una cuadruplicaci\u00f3n de fallecimientos en el \u00faltimo mes.<br \/>\nLa asociaci\u00f3n entre los medios se hizo en respuesta a la decisi\u00f3n del gobierno del presidente Jair Bolsonaro de restringir el acceso a los datos sobre la pandemia de Covid-19.<br \/>\nPersonalidades del mundo pol\u00edtico y jur\u00eddico, junto con entidades que representan a profesionales y la prensa, elogiaron la iniciativa.<br \/>\nLos cambios realizados por el ministerio de Salud en la publicaci\u00f3n de su balance de pandemia redujeron durante unos d\u00edas la cantidad y calidad de los datos.<br \/>\nPrimero, el horario de divulgaci\u00f3n, que fue a las 5 PM en la administraci\u00f3n del ministro Luiz Henrique Mandetta (en el cargo hasta el 17 de abril), pas\u00f3 a las 7 PM y luego a las 10 PM, para que no pudieran ser le\u00eddos en los noticieros mas vistos de la TV local. Ese horario tambi\u00e9n hizo dif\u00edcil o imposible publicar los datos sobre la marcha de la pandemia en medios impresos. &#8220;No hay m\u00e1s historia en el Jornal Nacional&#8221;, dijo el presidente Jair Bolsonaro, en tono burl\u00f3n, al comentar sobre el cambio, en directa referencia a un noticiero muy visto en Brasil.<br \/>\nBolsonaro hab\u00eda anunciado ayer la creaci\u00f3n del ministerio de las Comunicaciones en medio de la pol\u00e9mica por las cifras que ha ofrecido su Gobierno sobre el impacto de la pandemia.<br \/>\nEl ex militar dijo que el ministerio de Ciencia, Tecnolog\u00eda, Innovaciones y Comunicaciones se dividir\u00e1 en dos carteras: la de Ciencia y Tecnolog\u00eda y la de Comunicaciones.<br \/>\nPoco despu\u00e9s, el Diario Oficial de la Uni\u00f3n (DOU) public\u00f3 la designaci\u00f3n de F\u00e1bio Faria, diputado del Partido Social Democr\u00e1tico (PSD), como ministro de las Comunicaciones.<br \/>\nEl nuevo Ministerio asumir\u00e1 las competencias de la secretar\u00eda Especial de Comunicaci\u00f3n Social, que hasta ahora depend\u00eda de la secretar\u00eda de Gobierno, que desaparecer\u00e1.<\/p>\n","protected":false},"excerpt":{"rendered":"<p>&nbsp; Medios de prensa arman un pool para llevar las estad\u00edsticas SAN PABLO, 11 JUN &#8211; Brasil sumaba este jueves 40.276 muertes por Covid-19 y&hellip;<\/p>\n","protected":false},"author":99,"featured_media":0,"comment_status":"open","ping_status":"open","sticky":false,"template":"","format":"standard","meta":{"footnotes":""},"categories":[23],"tags":[],"class_list":["post-492120","post","type-post","status-publish","format-standard","hentry","category-latinoamerica"],"_links":{"self":[{"href":"https:\/\/diarioelpopular.com\/index.php\/wp-json\/wp\/v2\/posts\/492120","targetHints":{"allow":["GET"]}}],"collection":[{"href":"https:\/\/diarioelpopular.com\/index.php\/wp-json\/wp\/v2\/posts"}],"about":[{"href":"https:\/\/diarioelpopular.com\/index.php\/wp-json\/wp\/v2\/types\/post"}],"author":[{"embeddable":true,"href":"https:\/\/diarioelpopular.com\/index.php\/wp-json\/wp\/v2\/users\/99"}],"replies":[{"embeddable":true,"href":"https:\/\/diarioelpopular.com\/index.php\/wp-json\/wp\/v2\/comments?post=492120"}],"version-history":[{"count":1,"href":"https:\/\/diarioelpopular.com\/index.php\/wp-json\/wp\/v2\/posts\/492120\/revisions"}],"predecessor-version":[{"id":492122,"href":"https:\/\/diarioelpopular.com\/index.php\/wp-json\/wp\/v2\/posts\/492120\/revisions\/492122"}],"wp:attachment":[{"href":"https:\/\/diarioelpopular.com\/index.php\/wp-json\/wp\/v2\/media?parent=492120"}],"wp:term":[{"taxonomy":"category","embeddable":true,"href":"https:\/\/diarioelpopular.com\/index.php\/wp-json\/wp\/v2\/categories?post=492120"},{"taxonomy":"post_tag","embeddable":true,"href":"https:\/\/diarioelpopular.com\/index.php\/wp-json\/wp\/v2\/tags?post=492120"}],"curies":[{"name":"wp","href":"https:\/\/api.w.org\/{rel}","templated":true}]}}