{"id":492123,"date":"2020-06-11T20:28:36","date_gmt":"2020-06-12T00:28:36","guid":{"rendered":"https:\/\/diarioelpopular.com\/?p=492123"},"modified":"2020-06-11T20:28:36","modified_gmt":"2020-06-12T00:28:36","slug":"chile-la-realidad-mata-al-optimismo","status":"publish","type":"post","link":"https:\/\/diarioelpopular.com\/index.php\/2020\/06\/11\/chile-la-realidad-mata-al-optimismo\/","title":{"rendered":"Chile: la realidad mata al optimismo"},"content":{"rendered":"<div id=\"attachment_492124\" style=\"width: 310px\" class=\"wp-caption alignnone\"><img loading=\"lazy\" decoding=\"async\" aria-describedby=\"caption-attachment-492124\" class=\"size-medium wp-image-492124\" src=\"https:\/\/diarioelpopular.com\/wp-content\/uploads\/2020\/06\/024dd3f749cf596e0c5906719887b834-300x200.jpg\" alt=\"\" width=\"300\" height=\"200\" \/><p id=\"caption-attachment-492124\" class=\"wp-caption-text\"><em>M\u00e1s y m\u00e1s casos de Covid-19 en Chile.<\/em><\/p><\/div>\n<p>&nbsp;<\/p>\n<h4><em><strong>Autoridades reconocen que &#8220;han sido 100 d\u00edas dur\u00edsimos&#8221;<\/strong><\/em><\/h4>\n<p>&nbsp;<\/p>\n<p><em><strong>SANTIAGO DE CHILE, 11 JUN &#8211;<\/strong><\/em> A 100 d\u00edas del inicio de la pandemia en Chile, el balance est\u00e1 lejos de las cuentas alegres de marzo y abril, y hoy, por el contrario, crece la preocupaci\u00f3n ante la veloz propagaci\u00f3n del virus.<br \/>\nEl \u00faltimo reporte arroj\u00f3 2.648 muertos y 154.092 contagiados en una espiral creciente luego que a contar de mediados de mayo la cifra diaria de nuevos pacientes aumentara a un promedio de 4.000 a 5.000 nuevos casos, lo que tiene colapsado al sistema sanitario.<br \/>\nEl incombustible ministro de Salud, Jaime Ma\u00f1alich, defendi\u00f3 la labor que ha llevado adelante, su plan cuarentenas din\u00e1micas y aclar\u00f3 que su renuncia siempre est\u00e1 en el escritorio del presidente Sebasti\u00e1n Pi\u00f1era.<br \/>\n&#8220;El d\u00eda que uno asume como ministro la renuncia est\u00e1 puesta en la mesa y es \u00e9l quien define qui\u00e9n es la persona, c\u00f3mo se constituye el liderazgo para el manejo de esta crisis&#8221;, respondi\u00f3.<br \/>\nDe las cuarentenas din\u00e1micas, record\u00f3 que es la estrategia que tomaron &#8220;la mayor\u00eda de los pa\u00edses del mundo y en los cuales una ciudad, una provincia est\u00e1 en cuarentena, mientras que otra que tiene pocos casos no lo est\u00e1&#8221;, insisti\u00f3 el titular de la cartera.<br \/>\nA 100 d\u00edas del primer contagio en Chile, Ma\u00f1alich destac\u00f3 &#8220;la baja letalidad, el soporte que se le ha dado a la red asistencial, la identificaci\u00f3n de casos y ex\u00e1menes PCR que son extraordinariamente altos por mill\u00f3n de habitantes comparado con cualquier otro pa\u00eds de Am\u00e9rica, habla de un esfuerzo, no de este ministro sino del Gobierno entero y de mucha gente que no est\u00e1 en este Gobierno, comit\u00e9 de asesores, mesa social&#8221;. Frente al futuro, &#8220;creo que hay que tener una cautela enorme para hacer una proyecci\u00f3n, en la medida en que se requieran m\u00e1s residencias sanitarias vamos a tener m\u00e1s, en la medida que se requieren m\u00e1s unidades de tratamiento intensivo cuyo uso se est\u00e1 estabilizando vamos a tener m\u00e1s, est\u00e1n los recursos disponibles&#8221;. No obstante, admiti\u00f3 que en Chile &#8220;estamos viviendo los momentos m\u00e1s dif\u00edciles&#8221; de la pandemia.<br \/>\nTambi\u00e9n otros importantes actores sociales evaluaron estos 100 d\u00edas. El alcalde del municipio metropolitano de La Granja, Felipe Delpin, consider\u00f3 que un elemento negativo fue que &#8220;el gobierno demor\u00f3 en decretar cuarentenas en algunas ciudades. Eso llev\u00f3 a que el virus se expandiera a los niveles que hemos visto&#8221;.<br \/>\nValor\u00f3 que &#8220;los alcaldes hemos sido escuchados en la mesa social, lo que deriva en que muchas propuestas que hemos realizado se han tomado en cuenta, como, por ejemplo, cuando nos opusimos a la vuelta a la normalidad impulsada por el gobierno&#8221;.<br \/>\nPendiente est\u00e1, dijo al diario La Tercera, &#8220;hacer participar a la red de atenci\u00f3n primaria, entregarle recursos, porque van a ser claves en la etapa del control de la pandemia&#8221;.<br \/>\nEn el mismo medio, la exmnistra de Salud del segundo gobierno de Michelle Bachelet, Carmen Castillo, opin\u00f3 que &#8220;el concepto planteado por el gobierno de la &#8216;nueva normalidad&#8217; hizo un da\u00f1o enorme a las decisiones que tom\u00f3 la poblaci\u00f3n&#8221;.<br \/>\nApreci\u00f3 que el Ministerio de Salud tomara control de cl\u00ednicas y hospitales, para gestionar las camas requeridas en este periodo.<br \/>\nUn tema pendiente, para ella, es abordar la salud mental de las personas ahora y post pandemia. &#8220;Tiene que haber una cobertura de atenci\u00f3n garantizada para todos, porque los efectos que ha tenido el coronavirus, en lo econ\u00f3mico y emocional, ha sido tremendo. Hay personas sin trabajo o bien con parientes fallecidos por Covid-19, lo que afecta enormemente&#8221;.<br \/>\nEl rector de la Universidad Cat\u00f3lica, Ignacio S\u00e1nchez, valor\u00f3 poder &#8220;aportar desde la Mesa Social y diferentes mesas de cient\u00edficos al dise\u00f1o e implementaci\u00f3n de la pol\u00edtica sanitaria y econ\u00f3mica para el enfrentamiento integral de la crisis&#8221;.<br \/>\nDe lo negativo, &#8220;falta una comunicaci\u00f3n efectiva que permita tener el sentido de urgencia&#8221; para que las personas puedan cumplir con las instrucciones de la autoridad sanitaria: &#8220;La falsa sensaci\u00f3n de que ya hab\u00edamos pasado la peor parte en abril nos hizo mal para valorar el efecto de nuestras conductas personales&#8221;.<br \/>\nFrente a lo que se debe hacer, el tambi\u00e9n m\u00e9dico estim\u00f3 que &#8220;es crucial tener una trazabilidad y aislamiento de los casos y contactos de manera profesional, para lo cual hay que potenciar, financiar y apoyar la atenci\u00f3n primaria. Es la \u00fanica manera de aplanar la curva de contagios, junto con seguir las indicaciones de las cuarentenas. Esto, en conjunto con seguir apoyando el sistema hospitalario en su gran labor&#8221;.<\/p>\n","protected":false},"excerpt":{"rendered":"<p>&nbsp; Autoridades reconocen que &#8220;han sido 100 d\u00edas dur\u00edsimos&#8221; &nbsp; SANTIAGO DE CHILE, 11 JUN &#8211; A 100 d\u00edas del inicio de la pandemia en&hellip;<\/p>\n","protected":false},"author":99,"featured_media":0,"comment_status":"open","ping_status":"open","sticky":false,"template":"","format":"standard","meta":{"footnotes":""},"categories":[23],"tags":[],"class_list":["post-492123","post","type-post","status-publish","format-standard","hentry","category-latinoamerica"],"_links":{"self":[{"href":"https:\/\/diarioelpopular.com\/index.php\/wp-json\/wp\/v2\/posts\/492123","targetHints":{"allow":["GET"]}}],"collection":[{"href":"https:\/\/diarioelpopular.com\/index.php\/wp-json\/wp\/v2\/posts"}],"about":[{"href":"https:\/\/diarioelpopular.com\/index.php\/wp-json\/wp\/v2\/types\/post"}],"author":[{"embeddable":true,"href":"https:\/\/diarioelpopular.com\/index.php\/wp-json\/wp\/v2\/users\/99"}],"replies":[{"embeddable":true,"href":"https:\/\/diarioelpopular.com\/index.php\/wp-json\/wp\/v2\/comments?post=492123"}],"version-history":[{"count":1,"href":"https:\/\/diarioelpopular.com\/index.php\/wp-json\/wp\/v2\/posts\/492123\/revisions"}],"predecessor-version":[{"id":492125,"href":"https:\/\/diarioelpopular.com\/index.php\/wp-json\/wp\/v2\/posts\/492123\/revisions\/492125"}],"wp:attachment":[{"href":"https:\/\/diarioelpopular.com\/index.php\/wp-json\/wp\/v2\/media?parent=492123"}],"wp:term":[{"taxonomy":"category","embeddable":true,"href":"https:\/\/diarioelpopular.com\/index.php\/wp-json\/wp\/v2\/categories?post=492123"},{"taxonomy":"post_tag","embeddable":true,"href":"https:\/\/diarioelpopular.com\/index.php\/wp-json\/wp\/v2\/tags?post=492123"}],"curies":[{"name":"wp","href":"https:\/\/api.w.org\/{rel}","templated":true}]}}