{"id":492128,"date":"2020-06-12T13:22:50","date_gmt":"2020-06-12T17:22:50","guid":{"rendered":"https:\/\/diarioelpopular.com\/?p=492128"},"modified":"2020-06-12T13:22:50","modified_gmt":"2020-06-12T17:22:50","slug":"ontario-introduce-circulos-sociales-que-permiten-la-interaccion-fuera-del-hogar","status":"publish","type":"post","link":"https:\/\/diarioelpopular.com\/index.php\/2020\/06\/12\/ontario-introduce-circulos-sociales-que-permiten-la-interaccion-fuera-del-hogar\/","title":{"rendered":"Ontario introduce &#8220;c\u00edrculos sociales&#8221; que permiten la interacci\u00f3n fuera del hogar"},"content":{"rendered":"<div id=\"attachment_492129\" style=\"width: 310px\" class=\"wp-caption alignnone\"><img loading=\"lazy\" decoding=\"async\" aria-describedby=\"caption-attachment-492129\" class=\"size-medium wp-image-492129\" src=\"https:\/\/diarioelpopular.com\/wp-content\/uploads\/2020\/06\/Screen-Shot-2020-06-12-at-1.18.59-PM-300x171.png\" alt=\"\" width=\"300\" height=\"171\" \/><p id=\"caption-attachment-492129\" class=\"wp-caption-text\"><em>Premier Ford durante la conferencia de prensa este viernes.<\/em><\/p><\/div>\n<p>&nbsp;<\/p>\n<p>Actualizado 12 de junio de 2020 1:08 pm<\/p>\n<p>&nbsp;<\/p>\n<h4><em><strong>El gobierno de Ontario est\u00e1 introduciendo &#8220;c\u00edrculos sociales&#8221;, destinados a permitir que los residentes interact\u00faen con personas fuera de su hogar a medida que las restricciones contin\u00faan disminuyendo en medio de la mejora de los n\u00fameros de casos de coronavirus.<\/strong><\/em><\/h4>\n<p>La noticia llega cuando el l\u00edmite de reuni\u00f3n aument\u00f3 el viernes de cinco a 10 personas y muchas regiones de la provincia entraron en la Etapa 2 de reapertura.<\/p>\n<p>Las pautas del &#8220;c\u00edrculo social&#8221; permiten a los habitantes de Ontario expandir un grupo social hasta un m\u00e1ximo de 10 personas, incluidas las de su hogar, sin distanciamiento f\u00edsico.<br \/>\nEl concepto entra en vigor en toda la provincia el viernes. El primer ministro Doug Ford tiene previsto hablar sobre ello en su conferencia de prensa diaria a la 1 p.m.<\/p>\n<p>El gobierno ha publicado una gu\u00eda paso a paso sobre c\u00f3mo construir un c\u00edrculo social, cuya versi\u00f3n resumida se encuentra a continuaci\u00f3n:<\/p>\n<p><em><strong>Paso 1<\/strong><\/em><\/p>\n<p>Comience por incluir a aquellos que ya est\u00e1n en su hogar y cualquier persona que tenga un contacto cercano regular con aquellos con quienes vive, incluidas las ni\u00f1eras o cuidadores. Incluya tambi\u00e9n a cualquier persona en sus hogares, incluso si no los ve con frecuencia.<\/p>\n<p><em><strong>Paso 2<\/strong><\/em><\/p>\n<p>Si su c\u00edrculo actual tiene menos de 10 personas, puede agregar otros miembros de la familia o amigos.<br \/>\nConsidere a aquellos en su hogar como parte de su c\u00edrculo social. Es posible que nunca los vea, pero a\u00fan se consideran parte de su c\u00edrculo.<br \/>\nLas personas con alto riesgo de COVID-19, incluidas las personas mayores de 70 a\u00f1os, pueden participar en c\u00edrculos sociales seg\u00fan las circunstancias.<\/p>\n<p><em><strong>Paso 3<\/strong><\/em><\/p>\n<p>Obtenga el acuerdo y la comprensi\u00f3n de todos los que se unen a su c\u00edrculo. Los trabajadores de atenci\u00f3n m\u00e9dica de primera l\u00ednea pueden unirse a un c\u00edrculo, siempre que todos comprendan los riesgos.<\/p>\n<p><em><strong>Paso 4<\/strong><\/em><\/p>\n<p>Contin\u00fae alej\u00e1ndose f\u00edsicamente de cualquier persona fuera de su c\u00edrculo y siga los consejos de salud p\u00fablica, incluido el lavado frecuente de manos.<br \/>\nSi alguien dentro de su c\u00edrculo social comienza a sentirse enfermo, debe aislarse a s\u00ed mismo. Todos los dem\u00e1s en el c\u00edrculo deben controlar de cerca los s\u00edntomas y hacerse la prueba si sienten que han estado expuestos al COVID-19.<\/p>\n<p><em><strong>Paso 5<\/strong><\/em><\/p>\n<p>Permanezca como parte de un solo c\u00edrculo social.<br \/>\nEl gobierno dijo que este concepto, que se ha utilizado en otras jurisdicciones, permite el rastreo r\u00e1pido de contactos si surgen casos positivos, al tiempo que ayuda a mejorar la salud mental de los habitantes de Ontario que han estado en aislamiento social durante meses.<br \/>\nOntario report\u00f3 182 nuevos casos de coronavirus el viernes, marcando el aumento m\u00e1s bajo en un solo d\u00eda desde el 28 de marzo. Se realizaron m\u00e1s de 28,000 pruebas adicionales.<\/p>\n","protected":false},"excerpt":{"rendered":"<p>&nbsp; Actualizado 12 de junio de 2020 1:08 pm &nbsp; El gobierno de Ontario est\u00e1 introduciendo &#8220;c\u00edrculos sociales&#8221;, destinados a permitir que los residentes interact\u00faen&hellip;<\/p>\n","protected":false},"author":99,"featured_media":0,"comment_status":"open","ping_status":"open","sticky":false,"template":"","format":"standard","meta":{"footnotes":""},"categories":[21,11191],"tags":[],"class_list":["post-492128","post","type-post","status-publish","format-standard","hentry","category-canada","category-top-news"],"_links":{"self":[{"href":"https:\/\/diarioelpopular.com\/index.php\/wp-json\/wp\/v2\/posts\/492128","targetHints":{"allow":["GET"]}}],"collection":[{"href":"https:\/\/diarioelpopular.com\/index.php\/wp-json\/wp\/v2\/posts"}],"about":[{"href":"https:\/\/diarioelpopular.com\/index.php\/wp-json\/wp\/v2\/types\/post"}],"author":[{"embeddable":true,"href":"https:\/\/diarioelpopular.com\/index.php\/wp-json\/wp\/v2\/users\/99"}],"replies":[{"embeddable":true,"href":"https:\/\/diarioelpopular.com\/index.php\/wp-json\/wp\/v2\/comments?post=492128"}],"version-history":[{"count":1,"href":"https:\/\/diarioelpopular.com\/index.php\/wp-json\/wp\/v2\/posts\/492128\/revisions"}],"predecessor-version":[{"id":492130,"href":"https:\/\/diarioelpopular.com\/index.php\/wp-json\/wp\/v2\/posts\/492128\/revisions\/492130"}],"wp:attachment":[{"href":"https:\/\/diarioelpopular.com\/index.php\/wp-json\/wp\/v2\/media?parent=492128"}],"wp:term":[{"taxonomy":"category","embeddable":true,"href":"https:\/\/diarioelpopular.com\/index.php\/wp-json\/wp\/v2\/categories?post=492128"},{"taxonomy":"post_tag","embeddable":true,"href":"https:\/\/diarioelpopular.com\/index.php\/wp-json\/wp\/v2\/tags?post=492128"}],"curies":[{"name":"wp","href":"https:\/\/api.w.org\/{rel}","templated":true}]}}