{"id":492138,"date":"2020-06-13T11:23:16","date_gmt":"2020-06-13T15:23:16","guid":{"rendered":"https:\/\/diarioelpopular.com\/?p=492138"},"modified":"2020-06-13T11:23:16","modified_gmt":"2020-06-13T15:23:16","slug":"el-clima-agrava-la-crisis-en-chile","status":"publish","type":"post","link":"https:\/\/diarioelpopular.com\/index.php\/2020\/06\/13\/el-clima-agrava-la-crisis-en-chile\/","title":{"rendered":"El clima agrava la crisis en Chile"},"content":{"rendered":"<div id=\"attachment_492139\" style=\"width: 310px\" class=\"wp-caption alignnone\"><img loading=\"lazy\" decoding=\"async\" aria-describedby=\"caption-attachment-492139\" class=\"size-medium wp-image-492139\" src=\"https:\/\/diarioelpopular.com\/wp-content\/uploads\/2020\/06\/713c3b779606c062f33791a938730d76-300x200.jpg\" alt=\"\" width=\"300\" height=\"200\" \/><p id=\"caption-attachment-492139\" class=\"wp-caption-text\"><em>Cientos de personas fueron asistidas por el temporal.<\/em><\/p><\/div>\n<p>&nbsp;<\/p>\n<h4><em><strong>Lluvia anega carpa emergencia de Covid de hospital San Jos\u00e9<\/strong><\/em><\/h4>\n<p>&nbsp;<\/p>\n<p><em><strong>SANTIAGO DE CHILE, 13 JUN &#8211;<\/strong><\/em> El clima, a 10 d\u00edas de la llegada del invierno austral, profundiz\u00f3 la gravedad de la crisis que vive Chile producto del coronavirus que este viernes anot\u00f3 un nuevo pico de muertes y contagios.<br \/>\nLa lluvia ca\u00edda en la noche y madrugada provoc\u00f3 cortes de energ\u00eda el\u00e9ctrica, anegando la carpa adicional que debi\u00f3 instalar el colapsado hospital San Jos\u00e9, que atiende a la poblaci\u00f3n ubicada en el sector norte de Gran Santiago.<br \/>\nEn el lugar hab\u00eda pacientes respiratorios y con Covid-19.<br \/>\nEl director del recinto asistencial, Luis Escobar, explic\u00f3 que los 10 pacientes que se encontraban en la carpa fueron reubicados en las camas disponibles al interior del recinto.<br \/>\n&#8220;Son pacientes que tienen Covid, en general los pacientes que est\u00e1n en carpa son los pacientes que tienen menor gravedad, los m\u00e1s graves est\u00e1n dentro de urgencia o que se est\u00e1n ventilando, por lo tanto, el traslado de estos pacientes es un poquito menos complejo&#8221;, indic\u00f3. Detall\u00f3 que &#8220;lo que se hizo fue ubicar a los pacientes en el hospital, en las camas que ya estaban disponibles producto de alta, entonces eso permiti\u00f3 dejar las carpas vac\u00edas y proceder a limpiar, secar y rehabilitarlas para que contin\u00faen con su uso&#8221;.<br \/>\nLas im\u00e1genes del Hospital, donde el personal no da abasto para atender a la gran cantidad de pacientes, son dram\u00e1ticas con gente soportando en las afueras del recinto temperaturas baj\u00edsimas a lo que se sum\u00f3 la lluvia desde las \u00faltimas horas de anoche.<br \/>\nEl subsecretario de Redes Asistenciales, Arturo Z\u00fa\u00f1iga, intent\u00f3 minimizar la situaci\u00f3n diciendo que &#8220;la lluvia ingres\u00f3 por debajo de la carpa agua y por precauci\u00f3n de los pacientes se hizo un traslado preventivo para corregirlo r\u00e1pidamente y volver a utilizarlo en beneficio de todos los pacientes&#8221;.<br \/>\nEl sistema frontal que afect\u00f3 a la zona centro sur -se aguarda otro para la pr\u00f3xima semana- provoc\u00f3 inundaciones, desbordes de r\u00edos por aumento de caudal, cortes de luz, ca\u00edda de \u00e1rboles, viviendas da\u00f1adas, deslizamiento de terrenos y accidentes de tr\u00e1nsito en las principales rutas del pa\u00eds.<br \/>\nA las 21.00 horas de anoche se produjo un corte del suministro el\u00e9ctrico afectando a 84.532 hogares entre las regiones Metropolitana y Los Lagos, seg\u00fan la autoridad del ramo.<br \/>\nEn el sur del pa\u00eds, las lluvias provocaron inundaci\u00f3n de un pabell\u00f3n del Hospital de Pichidegua, aunque este no ces\u00f3 su atenci\u00f3n de pacientes. De madrugada la situaci\u00f3n fue controlada, mientras pobladores de ocupaciones de terreno en Temuco pidieron oficialmente al alcalde Miguel Becker suspender los desalojos debido al sistema frontal.<br \/>\nSiempre en la zona centro-sur, arrieros desafiando al clima subieron al Cerro Ara\u00f1a, a m\u00e1s de 1.400 metros en el sector cordillerano PasoPehuenche, en busca de sus animales para resguardarlos de la lluvia y nieve.<br \/>\nEn la regi\u00f3n de Valpara\u00edso, en Quilpu\u00e9, con helic\u00f3ptero naval debieron rescatar a un trabajador de la empresa privada de agua potable Esval que qued\u00f3 atrapado en un \u00e1rbol luego que su camioneta resultara anegada por el aumento del caudal del Estero debiendo subirse a un sauce para evitar terminar ahogado.<br \/>\nEl meteor\u00f3logo Eduardo S\u00e1ez anunci\u00f3 que hay un nuevo sistema frontal pronosticado para lunes y martes en la zona central.<br \/>\nEn tanto, el Ministerio de Salud report\u00f3 las cifras m\u00e1s altas de los m\u00e1s de cien d\u00edas de pandemia con 222 decesos y 6.754 nuevos contagios en las \u00faltimas 24 horas. El total de muertos se elev\u00f3 a 2.870 y 160.846 infectados.<\/p>\n","protected":false},"excerpt":{"rendered":"<p>&nbsp; Lluvia anega carpa emergencia de Covid de hospital San Jos\u00e9 &nbsp; SANTIAGO DE CHILE, 13 JUN &#8211; El clima, a 10 d\u00edas de la&hellip;<\/p>\n","protected":false},"author":99,"featured_media":0,"comment_status":"open","ping_status":"open","sticky":false,"template":"","format":"standard","meta":{"footnotes":""},"categories":[23],"tags":[],"class_list":["post-492138","post","type-post","status-publish","format-standard","hentry","category-latinoamerica"],"_links":{"self":[{"href":"https:\/\/diarioelpopular.com\/index.php\/wp-json\/wp\/v2\/posts\/492138","targetHints":{"allow":["GET"]}}],"collection":[{"href":"https:\/\/diarioelpopular.com\/index.php\/wp-json\/wp\/v2\/posts"}],"about":[{"href":"https:\/\/diarioelpopular.com\/index.php\/wp-json\/wp\/v2\/types\/post"}],"author":[{"embeddable":true,"href":"https:\/\/diarioelpopular.com\/index.php\/wp-json\/wp\/v2\/users\/99"}],"replies":[{"embeddable":true,"href":"https:\/\/diarioelpopular.com\/index.php\/wp-json\/wp\/v2\/comments?post=492138"}],"version-history":[{"count":1,"href":"https:\/\/diarioelpopular.com\/index.php\/wp-json\/wp\/v2\/posts\/492138\/revisions"}],"predecessor-version":[{"id":492140,"href":"https:\/\/diarioelpopular.com\/index.php\/wp-json\/wp\/v2\/posts\/492138\/revisions\/492140"}],"wp:attachment":[{"href":"https:\/\/diarioelpopular.com\/index.php\/wp-json\/wp\/v2\/media?parent=492138"}],"wp:term":[{"taxonomy":"category","embeddable":true,"href":"https:\/\/diarioelpopular.com\/index.php\/wp-json\/wp\/v2\/categories?post=492138"},{"taxonomy":"post_tag","embeddable":true,"href":"https:\/\/diarioelpopular.com\/index.php\/wp-json\/wp\/v2\/tags?post=492138"}],"curies":[{"name":"wp","href":"https:\/\/api.w.org\/{rel}","templated":true}]}}