{"id":492141,"date":"2020-06-13T11:25:47","date_gmt":"2020-06-13T15:25:47","guid":{"rendered":"https:\/\/diarioelpopular.com\/?p=492141"},"modified":"2020-06-13T11:25:47","modified_gmt":"2020-06-13T15:25:47","slug":"brasil-suma-casi-42-mil-muertes","status":"publish","type":"post","link":"https:\/\/diarioelpopular.com\/index.php\/2020\/06\/13\/brasil-suma-casi-42-mil-muertes\/","title":{"rendered":"Brasil suma casi 42 mil muertes"},"content":{"rendered":"<div id=\"attachment_492142\" style=\"width: 310px\" class=\"wp-caption alignnone\"><img loading=\"lazy\" decoding=\"async\" aria-describedby=\"caption-attachment-492142\" class=\"size-medium wp-image-492142\" src=\"https:\/\/diarioelpopular.com\/wp-content\/uploads\/2020\/06\/747fd4aec925a3d53b87894e94f92091-300x200.jpg\" alt=\"\" width=\"300\" height=\"200\" \/><p id=\"caption-attachment-492142\" class=\"wp-caption-text\"><em>Brasil territorio de muerte. Protesta en las playas de R\u00edo de Janeiro, convertidas en un simb\u00f3lico cementerio.<\/em><\/p><\/div>\n<p>&nbsp;<\/p>\n<h4><em><strong>Segundo pa\u00eds con m\u00e1s decesos. Los contagios llegan a 831.064<\/strong><\/em><\/h4>\n<p>&nbsp;<\/p>\n<p><strong><em>SAN PABLO, 13 JUN &#8211;<\/em> <\/strong>Brasil tiene 41.952 muertes confirmadas por coronavirus hasta las 8 de la ma\u00f1ana de este s\u00e1bado (hora local), seg\u00fan los c\u00f3mputos realizados por el consorcio de medios de prensa con datos de los departamentos de salud estatales.<br \/>\nEl consorcio lanza estos balances con los datos m\u00e1s actualizados de los departamentos estatales en ese momento, luego de que el gobierno federal se mostrara reticente a entregar c\u00e1lculos globales.<br \/>\nLos \u00faltimos datos extraoficiales se\u00f1alan 41.952 muertes, adem\u00e1s de 831.064 casos confirmados, lo que implica un incremento de 843 fallecimientos en las \u00faltimas 24 horas.<br \/>\nLos datos se obtuvieron despu\u00e9s de una asociaci\u00f3n sin precedentes entre G1, O Globo, Extra, O Estado de S.Paulo, Folha de S.Paulo y UOL, que comenz\u00f3 a trabajar en colaboraci\u00f3n para recopilar la informaci\u00f3n necesaria en los 26 estados y el Distrito Federal .<br \/>\nEl objetivo -indicaron los medios- es que los brasile\u00f1os sepan c\u00f3mo son la evoluci\u00f3n y el n\u00famero total de muertes causadas por Covid-19, adem\u00e1s del n\u00famero consolidado de casos probados con resultados positivos para el nuevo coronavirus.<br \/>\nBrasil es ahora el segundo pa\u00eds con el mayor n\u00famero de muertes por la enfermedad en el mundo. El pa\u00eds super\u00f3 al Reino Unido, que tiene 41.566 muertes, seg\u00fan el panel de la Universidad Johns Hopkins, basado en datos oficiales de las naciones. Estados Unidos tiene 114 mil decesos.<br \/>\nLos cambios realizados por el ministerio de Salud en la publicaci\u00f3n de su balance de pandemia redujeron durante unos d\u00edas la cantidad y calidad de los datos, resalt\u00f3 hoy G1.<br \/>\nPrimero, mut\u00f3 el tiempo de divulgaci\u00f3n, que fue a las 5 PM en la administraci\u00f3n del ministro Luiz Henrique Mandetta (hasta el 17 de abril), pas\u00f3 luego a repartirse a las 7 PM y luego a las 10 PM, lo que impide que entre en las ediciones de los peri\u00f3dicos y en los telediarios m\u00e1s vistos del pa\u00eds.<br \/>\nEl segundo cambio, detall\u00f3 la publicaci\u00f3n, fue de naturaleza cualitativa. El portal en el que el ministerio informa el n\u00famero de muertos y contaminados fue bloqueado el jueves por la noche.<br \/>\nY, cuando regres\u00f3, despu\u00e9s de m\u00e1s de 19 horas, comenz\u00f3 a presentar solo informaci\u00f3n sobre los &#8220;nuevos&#8221; casos, es decir, registrados el mismo d\u00eda. Las cifras consolidadas y la historia de la enfermedad han desaparecido desde su inicio. Los enlaces a descargas de datos en formato de tabla tambi\u00e9n se eliminaron del sitio web, que son esenciales para el an\u00e1lisis de investigadores y periodistas, y eso aliment\u00f3 otras iniciativas de difusi\u00f3n.<br \/>\nEn tanto, se conoci\u00f3 una nota firmada conjuntamente con el vicepresidente Hamilton Mourao y el ministro de Defensa, Fernando Azevedo, en la que el presidente Jair Bolsonaro se expresa sobre la decisi\u00f3n del ministro del Tribunal Supremo Federal (STF), Luiz Fux, sobre el papel de las Fuerzas Armadas. En el documento, se afirma que los militares &#8220;no aceptan intentos de tomar el poder&#8221;.<br \/>\nBolsonaro advirti\u00f3 a la m\u00e1xima instancia judicial y al Congreso que las Fuerzas Armadas &#8220;no cumplen \u00f3rdenes absurdas&#8221; y afirm\u00f3 que los militares no aceptar\u00e1n el resultado de un eventual juicio pol\u00edtico para destituirlo.<br \/>\n&#8220;Las Fuerzas Armadas de Brasil no cumplen \u00f3rdenes absurdas, como por ejemplo la toma del poder. Tampoco aceptan los intentos de toma del poder por otro poder de la Rep\u00fablica, violando las leyes, o a causa de un juicio pol\u00edtico&#8221;, dijo en el comunicado.<br \/>\nFue en respuesta a una medida cautelar del juez del Supremo Tribunal Federal (STF) Luis Fux, que ayer determin\u00f3 que las Fuerzas Armadas &#8220;no son un poder moderador&#8221; ante el conflicto entre poderes.<br \/>\nSeg\u00fan Fux, el presidente de la Rep\u00fablica, siendo comandante en jefe de las Fuerzas Armadas, no est\u00e1 autorizado por la Constituci\u00f3n para actuar contra el Congreso o el STF.<br \/>\n&#8220;Le recuerdo a la naci\u00f3n brasile\u00f1a que las Fuerzas Armadas est\u00e1n bajo la autoridad suprema del Presidente. Las mismas se destinan a la defensa de la patria, la garant\u00eda de los poderes constitucionales y por iniciativa de cualquiera de estos poderes, a la ley y al orden&#8221;, a\u00f1ade el mensaje oficial.<br \/>\nLa reacci\u00f3n de Bolsonaro se dio luego de que tanto Mourao como el general Luiz Ramos, ministro de la Secretar\u00eda de Gobierno, descartaran intentos de golpe de Estado.<br \/>\nLo hicieron en una semana con muchos rumores sobre las estrategias del gobierno para mantenerse enhiesto ante las investigaciones contra el mandatario que lleva adelante el STF por presunta obstrucci\u00f3n de la justicia y el aceleramiento de la pandemia.<br \/>\nRamos advirti\u00f3 a la revista Veja que la oposici\u00f3n &#8220;no debe tensar la cuerda&#8221; con Bolsonaro.<\/p>\n","protected":false},"excerpt":{"rendered":"<p>&nbsp; Segundo pa\u00eds con m\u00e1s decesos. Los contagios llegan a 831.064 &nbsp; SAN PABLO, 13 JUN &#8211; Brasil tiene 41.952 muertes confirmadas por coronavirus hasta&hellip;<\/p>\n","protected":false},"author":99,"featured_media":0,"comment_status":"open","ping_status":"open","sticky":false,"template":"","format":"standard","meta":{"footnotes":""},"categories":[23],"tags":[],"class_list":["post-492141","post","type-post","status-publish","format-standard","hentry","category-latinoamerica"],"_links":{"self":[{"href":"https:\/\/diarioelpopular.com\/index.php\/wp-json\/wp\/v2\/posts\/492141","targetHints":{"allow":["GET"]}}],"collection":[{"href":"https:\/\/diarioelpopular.com\/index.php\/wp-json\/wp\/v2\/posts"}],"about":[{"href":"https:\/\/diarioelpopular.com\/index.php\/wp-json\/wp\/v2\/types\/post"}],"author":[{"embeddable":true,"href":"https:\/\/diarioelpopular.com\/index.php\/wp-json\/wp\/v2\/users\/99"}],"replies":[{"embeddable":true,"href":"https:\/\/diarioelpopular.com\/index.php\/wp-json\/wp\/v2\/comments?post=492141"}],"version-history":[{"count":1,"href":"https:\/\/diarioelpopular.com\/index.php\/wp-json\/wp\/v2\/posts\/492141\/revisions"}],"predecessor-version":[{"id":492143,"href":"https:\/\/diarioelpopular.com\/index.php\/wp-json\/wp\/v2\/posts\/492141\/revisions\/492143"}],"wp:attachment":[{"href":"https:\/\/diarioelpopular.com\/index.php\/wp-json\/wp\/v2\/media?parent=492141"}],"wp:term":[{"taxonomy":"category","embeddable":true,"href":"https:\/\/diarioelpopular.com\/index.php\/wp-json\/wp\/v2\/categories?post=492141"},{"taxonomy":"post_tag","embeddable":true,"href":"https:\/\/diarioelpopular.com\/index.php\/wp-json\/wp\/v2\/tags?post=492141"}],"curies":[{"name":"wp","href":"https:\/\/api.w.org\/{rel}","templated":true}]}}