{"id":492145,"date":"2020-06-13T11:27:42","date_gmt":"2020-06-13T15:27:42","guid":{"rendered":"https:\/\/diarioelpopular.com\/?p=492145"},"modified":"2020-06-13T11:27:42","modified_gmt":"2020-06-13T15:27:42","slug":"la-casa-blanca-acusa-a-mexico-de-infectados","status":"publish","type":"post","link":"https:\/\/diarioelpopular.com\/index.php\/2020\/06\/13\/la-casa-blanca-acusa-a-mexico-de-infectados\/","title":{"rendered":"La Casa Blanca acusa a M\u00e9xico de infectados"},"content":{"rendered":"<div id=\"attachment_492146\" style=\"width: 310px\" class=\"wp-caption alignnone\"><img loading=\"lazy\" decoding=\"async\" aria-describedby=\"caption-attachment-492146\" class=\"size-medium wp-image-492146\" src=\"https:\/\/diarioelpopular.com\/wp-content\/uploads\/2020\/06\/67f7f91cf2d9f7f62b1bc9c4b6b6eb65-300x200.jpg\" alt=\"\" width=\"300\" height=\"200\" \/><p id=\"caption-attachment-492146\" class=\"wp-caption-text\"><em>Vallas y controles en la frontera entre M\u00e9xico y EEUU.<\/em><\/p><\/div>\n<p>&nbsp;<\/p>\n<h4><em><strong>Podr\u00eda ser causa de contagios en EEUU, tambi\u00e9n chivo expiatorio<\/strong><\/em><\/h4>\n<p>&nbsp;<\/p>\n<p><em><strong>NUEVA YORK, 13 JUN &#8211;<\/strong><\/em> La Casa Blanca se\u00f1ala con el dedo a M\u00e9xico por el aumento de los casos de coronavirus en territorio estadounidense, lo que amenaza crear un entuerto diplom\u00e1tico. Seg\u00fan las indiscreciones reportadas por los medios de prensa estadounidenses este s\u00e1bado, viajar desde M\u00e9xico ha sido el centro de una larga discusi\u00f3n en la Sala de Situaci\u00f3n para identificar los puntos comunes de las nuevas oleadas de casos en muchos estados, especialmente en la comunidad hispana. Es que ha habido claros rebrotes de Covid-19 en Arizona, Texas, California y Carolina del Norte.<br \/>\nEstados Unidos y M\u00e9xico acordaron en marzo evitar viajes no esenciales entre los dos pa\u00edses, aunque los ciudadanos estadounidenses y muchos otros, incluidos el tr\u00e1fico comercial y los trabajadores agr\u00edcolas, a\u00fan pueden ingresar a los Estados Unidos. El presidente Donald Trump a menudo ha utilizado a M\u00e9xico como un chivo expiatorio, pintando al pa\u00eds como una fuente de crimen y enfermedad que replica en Estados Unidos. La pandemia se est\u00e1 utilizando para llevar a cabo algunas de sus tensiones de inmigraci\u00f3n m\u00e1s dif\u00edciles mediante el bloqueo de las tarjetas verdes y las solicitudes de asilo, que se niegan sistem\u00e1ticamente desde hace meses a latinoamericanos.<br \/>\nEl n\u00famero de casos de coronavirus entre la poblaci\u00f3n latina en Estados Unidos puede aumentar durante el verano (boreal) con respecto a los datos de mayo, despu\u00e9s de una reapertura de la actividad econ\u00f3mica &#8220;muy prematura&#8221;, advirti\u00f3 un equipo de la Universidad de California en Los Angeles (UCLA).<br \/>\n&#8220;No preveo un verano tranquilo. (&#8230;) En nuestro hospital, por ejemplo, en el que tenemos un 90 % de pacientes latinos, est\u00e1 ahora con un 50 % de casos m\u00e1s que a principios del mes de mayo&#8221;, dijo David Hayes Bautista, director del Centro para el Estudio de la Salud y Cultura Latina de UCLA.<br \/>\nAlgunos centros de estudios latinos, como la organizaci\u00f3n Enlace Latino de Carolina del Norte, destacaron en sus informes que el contagio familiar, en los centros laborales y las limitaciones de seguridad econ\u00f3mica son los principales factores que provocan que la comunidad est\u00e9 m\u00e1s en riesgo.<br \/>\nAdem\u00e1s, la Oficina de Estad\u00edsticas Laborales revel\u00f3 que m\u00e1s del 23% de los trabajadores hispanos en Estados Unidos tienen un empleo en actividades &#8220;altamente expuestas&#8221; a la Covid-19.<br \/>\nOtros expertos apuntan, que los latinos han tenido activas participaciones en las recientes marchas contra el racismo en Estados Unidos, los que los ha expuesto sobremanera a los contagios de un modo similar que a la poblaci\u00f3n afro-descendiente.<br \/>\nEstados Unidos registr\u00f3 en las \u00faltimas 24 horas hasta la noche del viernes, un total de 18,411 nuevos casos positivos por coronavirus, que a su vez, provoc\u00f3 el fallecimiento de 850 personas.<br \/>\nCon esos datos las cifras llegaron a 2.023.690 casos positivos, adem\u00e1s de 113,820 fallecimientos, seg\u00fan datos de la Universidad Johns Hopkins.<\/p>\n","protected":false},"excerpt":{"rendered":"<p>&nbsp; Podr\u00eda ser causa de contagios en EEUU, tambi\u00e9n chivo expiatorio &nbsp; NUEVA YORK, 13 JUN &#8211; La Casa Blanca se\u00f1ala con el dedo a&hellip;<\/p>\n","protected":false},"author":99,"featured_media":0,"comment_status":"open","ping_status":"open","sticky":false,"template":"","format":"standard","meta":{"footnotes":""},"categories":[23],"tags":[],"class_list":["post-492145","post","type-post","status-publish","format-standard","hentry","category-latinoamerica"],"_links":{"self":[{"href":"https:\/\/diarioelpopular.com\/index.php\/wp-json\/wp\/v2\/posts\/492145","targetHints":{"allow":["GET"]}}],"collection":[{"href":"https:\/\/diarioelpopular.com\/index.php\/wp-json\/wp\/v2\/posts"}],"about":[{"href":"https:\/\/diarioelpopular.com\/index.php\/wp-json\/wp\/v2\/types\/post"}],"author":[{"embeddable":true,"href":"https:\/\/diarioelpopular.com\/index.php\/wp-json\/wp\/v2\/users\/99"}],"replies":[{"embeddable":true,"href":"https:\/\/diarioelpopular.com\/index.php\/wp-json\/wp\/v2\/comments?post=492145"}],"version-history":[{"count":1,"href":"https:\/\/diarioelpopular.com\/index.php\/wp-json\/wp\/v2\/posts\/492145\/revisions"}],"predecessor-version":[{"id":492147,"href":"https:\/\/diarioelpopular.com\/index.php\/wp-json\/wp\/v2\/posts\/492145\/revisions\/492147"}],"wp:attachment":[{"href":"https:\/\/diarioelpopular.com\/index.php\/wp-json\/wp\/v2\/media?parent=492145"}],"wp:term":[{"taxonomy":"category","embeddable":true,"href":"https:\/\/diarioelpopular.com\/index.php\/wp-json\/wp\/v2\/categories?post=492145"},{"taxonomy":"post_tag","embeddable":true,"href":"https:\/\/diarioelpopular.com\/index.php\/wp-json\/wp\/v2\/tags?post=492145"}],"curies":[{"name":"wp","href":"https:\/\/api.w.org\/{rel}","templated":true}]}}