{"id":492169,"date":"2020-06-15T18:59:22","date_gmt":"2020-06-15T22:59:22","guid":{"rendered":"https:\/\/diarioelpopular.com\/?p=492169"},"modified":"2020-06-15T18:59:22","modified_gmt":"2020-06-15T22:59:22","slug":"brasil-un-millon-de-infectados-en-breve","status":"publish","type":"post","link":"https:\/\/diarioelpopular.com\/index.php\/2020\/06\/15\/brasil-un-millon-de-infectados-en-breve\/","title":{"rendered":"Brasil, un mill\u00f3n de infectados en breve"},"content":{"rendered":"<div id=\"attachment_492170\" style=\"width: 310px\" class=\"wp-caption alignnone\"><img loading=\"lazy\" decoding=\"async\" aria-describedby=\"caption-attachment-492170\" class=\"size-medium wp-image-492170\" src=\"https:\/\/diarioelpopular.com\/wp-content\/uploads\/2020\/06\/f7867fc18accb55a8ee1891f9d7f29cc-300x200.jpg\" alt=\"\" width=\"300\" height=\"200\" \/><p id=\"caption-attachment-492170\" class=\"wp-caption-text\"><em>Entierros y m\u00e1s entierros, imagen de un cementerio de San Pablo.<\/em><\/p><\/div>\n<p>&nbsp;<\/p>\n<p><em><strong>BRASILIA, 15 JUN &#8211;<\/strong><\/em> Brasil puede llegar al mill\u00f3n de personas contagiadas de Covid-19 en los pr\u00f3ximos d\u00edas y consolidarse como el segundo pa\u00eds m\u00e1s afectado del mundo, seg\u00fan la proyecci\u00f3n de un especialista en dolencias tropicales.<br \/>\nLa cifra de un mill\u00f3n de contaminados puede ser alcanzada a lo largo de &#8220;esta semana&#8221; se\u00f1al\u00f3 Dalcy Albuquerque, que es miembro de la Sociedad Brasile\u00f1a de Dolencias Tropicales, inform\u00f3 hoy radio CBN.<br \/>\nAlbuquerque consider\u00f3, entre otras variables, que la semana pasada hubo varios d\u00edas en los que se registraron entre 25 mil y 30 mil infectados junto con el relajamiento de las normas de aislamiento social en San Pablo, R\u00edo de Janeiro, Brasilia, entre otras capitales.<br \/>\nEl ministerio de Salud inform\u00f3 el domingo que el n\u00famero de contaminados lleg\u00f3 a 867.624 brasile\u00f1os y el de fallecimientos ascendi\u00f3 a 43.332.<br \/>\nPor otra parte, la semana pasada Brasil super\u00f3 al Reino Unido en n\u00famero de v\u00edctimas fatales ubic\u00e1ndose segundo a nivel mundial detr\u00e1s de Estados Unidos.<br \/>\nUn estudio de la Universidad de San Pablo y la Fundaci\u00f3n Getulio Vargas publicado este lunes estim\u00f3 que la cifra de muertos en San Pablo puede aumentar el 71% en la primera semana de julio a ra\u00edz de la ca\u00edda del aislamiento social.<br \/>\nSan Pablo es el estado m\u00e1s golpeado por la pandemia en el pa\u00eds, con 10.694 v\u00edctimas fatales contabilizadas este domingo.<\/p>\n","protected":false},"excerpt":{"rendered":"<p>&nbsp; BRASILIA, 15 JUN &#8211; Brasil puede llegar al mill\u00f3n de personas contagiadas de Covid-19 en los pr\u00f3ximos d\u00edas y consolidarse como el segundo pa\u00eds&hellip;<\/p>\n","protected":false},"author":99,"featured_media":0,"comment_status":"open","ping_status":"open","sticky":false,"template":"","format":"standard","meta":{"footnotes":""},"categories":[23],"tags":[],"class_list":["post-492169","post","type-post","status-publish","format-standard","hentry","category-latinoamerica"],"_links":{"self":[{"href":"https:\/\/diarioelpopular.com\/index.php\/wp-json\/wp\/v2\/posts\/492169","targetHints":{"allow":["GET"]}}],"collection":[{"href":"https:\/\/diarioelpopular.com\/index.php\/wp-json\/wp\/v2\/posts"}],"about":[{"href":"https:\/\/diarioelpopular.com\/index.php\/wp-json\/wp\/v2\/types\/post"}],"author":[{"embeddable":true,"href":"https:\/\/diarioelpopular.com\/index.php\/wp-json\/wp\/v2\/users\/99"}],"replies":[{"embeddable":true,"href":"https:\/\/diarioelpopular.com\/index.php\/wp-json\/wp\/v2\/comments?post=492169"}],"version-history":[{"count":1,"href":"https:\/\/diarioelpopular.com\/index.php\/wp-json\/wp\/v2\/posts\/492169\/revisions"}],"predecessor-version":[{"id":492171,"href":"https:\/\/diarioelpopular.com\/index.php\/wp-json\/wp\/v2\/posts\/492169\/revisions\/492171"}],"wp:attachment":[{"href":"https:\/\/diarioelpopular.com\/index.php\/wp-json\/wp\/v2\/media?parent=492169"}],"wp:term":[{"taxonomy":"category","embeddable":true,"href":"https:\/\/diarioelpopular.com\/index.php\/wp-json\/wp\/v2\/categories?post=492169"},{"taxonomy":"post_tag","embeddable":true,"href":"https:\/\/diarioelpopular.com\/index.php\/wp-json\/wp\/v2\/tags?post=492169"}],"curies":[{"name":"wp","href":"https:\/\/api.w.org\/{rel}","templated":true}]}}