{"id":492194,"date":"2020-06-17T11:23:26","date_gmt":"2020-06-17T15:23:26","guid":{"rendered":"https:\/\/diarioelpopular.com\/?p=492194"},"modified":"2020-06-17T11:23:26","modified_gmt":"2020-06-17T15:23:26","slug":"muere-eden-pastora-exguerrillero-sandinista","status":"publish","type":"post","link":"https:\/\/diarioelpopular.com\/index.php\/2020\/06\/17\/muere-eden-pastora-exguerrillero-sandinista\/","title":{"rendered":"Muere Ed\u00e9n Pastora, exguerrillero sandinista"},"content":{"rendered":"<h4><img loading=\"lazy\" decoding=\"async\" class=\"alignnone size-custom-full-size wp-image-492195\" src=\"https:\/\/diarioelpopular.com\/wp-content\/uploads\/2020\/06\/eden-pastora-636x358.jpg\" alt=\"\" width=\"636\" height=\"358\" \/><\/h4>\n<h4><em><strong>Fung\u00eda desde 2010 como funcionario del presidente Daniel Ortega. La familia niega que la muerte fuera por Coronavirus.<\/strong><\/em><\/h4>\n<p>&nbsp;<\/p>\n<p>El exguerrillero sandinista Ed\u00e9n Pastora, conocido como \u201cComandante Cero\u201d, muri\u00f3 este s\u00e1bado en Nicaragua, supuestamente v\u00edctima del COVID-19, aunque sus parientes lo han negado.<\/p>\n<p>La familia asegura que Pastora falleci\u00f3 a sus 83 a\u00f1os de edad, por complicaciones de salud derivadas por una supuesta bronconeumon\u00eda.<\/p>\n<p>La muerte la confirm\u00f3 uno de sus hijos de apellido Pastora Brice\u00f1o, quien dijo a El Observador que el nicarag\u00fcense falleci\u00f3 a las 3:45 p.m. de este s\u00e1bado.<\/p>\n<p>Desde horas de la ma\u00f1ana se hablaba en redes sociales del posible fallecimiento del \u201cComandate Cero\u201d, no obstante, fue hasta la tarde que se dio su deceso.<\/p>\n<p>Seg\u00fan el diario nicarag\u00fcense La Prensa, Pastora habr\u00eda estado internado en el Hospital Militar de Managua luego de sufrir una reca\u00edda de salud, puesto que d\u00edas atr\u00e1s estuvo tambi\u00e9n hospitalizado por una supuesta bronconeumon\u00eda.<\/p>\n<p>Yolanda Torres, esposa de Pastora, dijo al diario local que el exguerrillero no padec\u00eda de COVID-19 y que la bronconeumon\u00eda lo ven\u00eda afectando desde tiempo atr\u00e1s. El estado de la salud de Pastora se manej\u00f3 con mucho hermetismo.<\/p>\n<p>\u00bfQui\u00e9n era Pastora?<\/p>\n<p>Fue un antiguo guerrillero, pol\u00edtico y militar nicarag\u00fcense, fue uno de los m\u00e1s connotados l\u00edderes militares de la guerrilla del Frente Sandinista de Liberaci\u00f3n Nacional (FSLN), organizador y ejecutor como Comandante Cero de la toma del Palacio Nacional de Managua el 22 de agosto de 1978 junto a Hugo Torres (Comandante Uno) y Dora Mar\u00eda T\u00e9llez (Comandante Dos).<\/p>\n<p>Durante la lucha insurreccional contra Somoza dirigi\u00f3 las operaciones en el Frente Sur \u201cBenjam\u00edn Zeled\u00f3n\u201d que enfrentaron a los guerrilleros del FSLN con las tropas de \u00e9lite de la Guardia Nacional.<\/p>\n<p>Fungi\u00f3 como funcionario p\u00fablico y tras abandonar sus cargos se march\u00f3 al exilio en 1982, primero a Panam\u00e1 y despu\u00e9s a Costa Rica donde anunci\u00f3 su intenci\u00f3n de crear una fuerza opositora que no descartaba realizar acciones militares contra el gobierno sandinista. En Nicaragua se decret\u00f3 la condena de muerte contra Pastora como respuesta.<\/p>\n<p>Durante el actual gobierno de Daniel Ortega, en octubre de 2010 Pastora dirigi\u00f3 las obras de dragado del R\u00edo San Juan, iniciadas por Nicaragua.<\/p>\n<p>Recibi\u00f3 fuertes cr\u00edticas por parte del Gobierno de la Rep\u00fablica de Costa Rica, aludiendo que el gobierno nicarag\u00fcense, junto con sus tropas armadas, se infiltr\u00f3 en territorio costarricense depositando sedimentos en el lado tico afectando \u00e1reas protegidas.<\/p>\n","protected":false},"excerpt":{"rendered":"<p>Fung\u00eda desde 2010 como funcionario del presidente Daniel Ortega. La familia niega que la muerte fuera por Coronavirus. &nbsp; El exguerrillero sandinista Ed\u00e9n Pastora, conocido&hellip;<\/p>\n","protected":false},"author":99,"featured_media":0,"comment_status":"open","ping_status":"open","sticky":false,"template":"","format":"standard","meta":{"footnotes":""},"categories":[23],"tags":[],"class_list":["post-492194","post","type-post","status-publish","format-standard","hentry","category-latinoamerica"],"_links":{"self":[{"href":"https:\/\/diarioelpopular.com\/index.php\/wp-json\/wp\/v2\/posts\/492194","targetHints":{"allow":["GET"]}}],"collection":[{"href":"https:\/\/diarioelpopular.com\/index.php\/wp-json\/wp\/v2\/posts"}],"about":[{"href":"https:\/\/diarioelpopular.com\/index.php\/wp-json\/wp\/v2\/types\/post"}],"author":[{"embeddable":true,"href":"https:\/\/diarioelpopular.com\/index.php\/wp-json\/wp\/v2\/users\/99"}],"replies":[{"embeddable":true,"href":"https:\/\/diarioelpopular.com\/index.php\/wp-json\/wp\/v2\/comments?post=492194"}],"version-history":[{"count":1,"href":"https:\/\/diarioelpopular.com\/index.php\/wp-json\/wp\/v2\/posts\/492194\/revisions"}],"predecessor-version":[{"id":492196,"href":"https:\/\/diarioelpopular.com\/index.php\/wp-json\/wp\/v2\/posts\/492194\/revisions\/492196"}],"wp:attachment":[{"href":"https:\/\/diarioelpopular.com\/index.php\/wp-json\/wp\/v2\/media?parent=492194"}],"wp:term":[{"taxonomy":"category","embeddable":true,"href":"https:\/\/diarioelpopular.com\/index.php\/wp-json\/wp\/v2\/categories?post=492194"},{"taxonomy":"post_tag","embeddable":true,"href":"https:\/\/diarioelpopular.com\/index.php\/wp-json\/wp\/v2\/tags?post=492194"}],"curies":[{"name":"wp","href":"https:\/\/api.w.org\/{rel}","templated":true}]}}