{"id":492203,"date":"2020-06-18T12:43:04","date_gmt":"2020-06-18T16:43:04","guid":{"rendered":"https:\/\/diarioelpopular.com\/?p=492203"},"modified":"2020-06-18T12:43:04","modified_gmt":"2020-06-18T16:43:04","slug":"peru-supera-a-italia-septimo-por-contagios","status":"publish","type":"post","link":"https:\/\/diarioelpopular.com\/index.php\/2020\/06\/18\/peru-supera-a-italia-septimo-por-contagios\/","title":{"rendered":"Per\u00fa supera a Italia, s\u00e9ptimo por contagios"},"content":{"rendered":"<div id=\"attachment_492204\" style=\"width: 160px\" class=\"wp-caption alignnone\"><img loading=\"lazy\" decoding=\"async\" aria-describedby=\"caption-attachment-492204\" class=\"size-thumbnail wp-image-492204\" src=\"https:\/\/diarioelpopular.com\/wp-content\/uploads\/2020\/06\/1407c1a2bb1726b40ce5d54587ab06b1-150x150.jpg\" alt=\"\" width=\"150\" height=\"150\" \/><p id=\"caption-attachment-492204\" class=\"wp-caption-text\"><em>Honras en las calles de Lima por los fallecidos en las calles.<\/em><\/p><\/div>\n<p>&nbsp;<\/p>\n<h4><em><strong>Suma casi 241 mil infectados y los decesos llegan a 7.257<\/strong><\/em><\/h4>\n<p><em><strong>LIMA, 18 JUN &#8211;<\/strong><\/em> Per\u00fa desplaz\u00f3 a Italia en n\u00famero de casos de Covid-19, con 240.908 contagios, y se convirti\u00f3 en el s\u00e9ptimo pa\u00eds en el mundo con mayor incidencia de la pandemia, a pesar de estar en cuarentena por m\u00e1s de 90 d\u00edas.<br \/>\nEl ministerio de Salud anunci\u00f3 anoche que registr\u00f3 a 3.752 nuevos casos en el pa\u00eds en las \u00faltimas 24 horas, mientras que 201 personas fallecieron a ra\u00edz de la enfermedad.<br \/>\nEl n\u00famero de decesos lleg\u00f3 a 7.257.<br \/>\nEl estado de emergencia est\u00e1 vigente en Per\u00fa y se extiende hasta el 30 de junio, pero el Ejecutivo habilit\u00f3 el reinicio de actividades econ\u00f3micas y centros comerciales debido al colapso de su econom\u00eda y al alto n\u00famero de personas circulando por las calles en procura de ingresos.<br \/>\nLa capital Lima concentra el mayor n\u00famero de casos del pa\u00eds, con 138.203 contagios y 3.278 muertos, seguido por la vecina regi\u00f3n de Callao, con 16.224 pacientes y 498 v\u00edctimas.<\/p>\n","protected":false},"excerpt":{"rendered":"<p>&nbsp; Suma casi 241 mil infectados y los decesos llegan a 7.257 LIMA, 18 JUN &#8211; Per\u00fa desplaz\u00f3 a Italia en n\u00famero de casos de&hellip;<\/p>\n","protected":false},"author":99,"featured_media":0,"comment_status":"open","ping_status":"open","sticky":false,"template":"","format":"standard","meta":{"footnotes":""},"categories":[23],"tags":[],"class_list":["post-492203","post","type-post","status-publish","format-standard","hentry","category-latinoamerica"],"_links":{"self":[{"href":"https:\/\/diarioelpopular.com\/index.php\/wp-json\/wp\/v2\/posts\/492203","targetHints":{"allow":["GET"]}}],"collection":[{"href":"https:\/\/diarioelpopular.com\/index.php\/wp-json\/wp\/v2\/posts"}],"about":[{"href":"https:\/\/diarioelpopular.com\/index.php\/wp-json\/wp\/v2\/types\/post"}],"author":[{"embeddable":true,"href":"https:\/\/diarioelpopular.com\/index.php\/wp-json\/wp\/v2\/users\/99"}],"replies":[{"embeddable":true,"href":"https:\/\/diarioelpopular.com\/index.php\/wp-json\/wp\/v2\/comments?post=492203"}],"version-history":[{"count":1,"href":"https:\/\/diarioelpopular.com\/index.php\/wp-json\/wp\/v2\/posts\/492203\/revisions"}],"predecessor-version":[{"id":492205,"href":"https:\/\/diarioelpopular.com\/index.php\/wp-json\/wp\/v2\/posts\/492203\/revisions\/492205"}],"wp:attachment":[{"href":"https:\/\/diarioelpopular.com\/index.php\/wp-json\/wp\/v2\/media?parent=492203"}],"wp:term":[{"taxonomy":"category","embeddable":true,"href":"https:\/\/diarioelpopular.com\/index.php\/wp-json\/wp\/v2\/categories?post=492203"},{"taxonomy":"post_tag","embeddable":true,"href":"https:\/\/diarioelpopular.com\/index.php\/wp-json\/wp\/v2\/tags?post=492203"}],"curies":[{"name":"wp","href":"https:\/\/api.w.org\/{rel}","templated":true}]}}