{"id":492220,"date":"2020-06-19T10:00:12","date_gmt":"2020-06-19T14:00:12","guid":{"rendered":"https:\/\/diarioelpopular.com\/?p=492220"},"modified":"2020-06-19T10:00:12","modified_gmt":"2020-06-19T14:00:12","slug":"brasil-se-aproxima-al-millon-de-contagiados","status":"publish","type":"post","link":"https:\/\/diarioelpopular.com\/index.php\/2020\/06\/19\/brasil-se-aproxima-al-millon-de-contagiados\/","title":{"rendered":"Brasil se aproxima al mill\u00f3n de contagiados"},"content":{"rendered":"<div id=\"attachment_492221\" style=\"width: 160px\" class=\"wp-caption alignnone\"><img loading=\"lazy\" decoding=\"async\" aria-describedby=\"caption-attachment-492221\" class=\"size-thumbnail wp-image-492221\" src=\"https:\/\/diarioelpopular.com\/wp-content\/uploads\/2020\/06\/d5752ef746b8476d93ba3dd473f64f36-150x150.jpg\" alt=\"\" width=\"150\" height=\"150\" \/><p id=\"caption-attachment-492221\" class=\"wp-caption-text\"><em>Los casos de Covid-19 se siguen multiplicando en Brasil.<\/em><\/p><\/div>\n<p>&nbsp;<\/p>\n<p><em><strong>BRASILIA, 19 JUN &#8211;<\/strong><\/em> Brasil ya registr\u00f3 978.142 infectados de Covid-19 y puede llegar al mill\u00f3n esta semana si se mantienen la curva creciente de positivos en los \u00faltimos d\u00edas.<br \/>\nEntre el mi\u00e9rcoles y el jueves hubo 22.765 nuevos pacientes con el Covid-19, inform\u00f3 hoy el Consejo Nacional de Secretar\u00edas de Salud, del que son parte los 27 gobiernos estaduales.<br \/>\nNo se descarta que Brasil alcance el mill\u00f3n de infectados en los pr\u00f3ximos d\u00edas, incluso esta semana, si se mantienen el promedio de fallecimientos constatados desde el lunes pasado.<br \/>\nPor otra parte, en las \u00faltimas 24 horas fueron contabilizadas 1.238 v\u00edctimas fatales, con lo cual la cifra total subi\u00f3 a 47.748.<\/p>\n","protected":false},"excerpt":{"rendered":"<p>&nbsp; BRASILIA, 19 JUN &#8211; Brasil ya registr\u00f3 978.142 infectados de Covid-19 y puede llegar al mill\u00f3n esta semana si se mantienen la curva creciente&hellip;<\/p>\n","protected":false},"author":99,"featured_media":0,"comment_status":"open","ping_status":"open","sticky":false,"template":"","format":"standard","meta":{"footnotes":""},"categories":[23],"tags":[],"class_list":["post-492220","post","type-post","status-publish","format-standard","hentry","category-latinoamerica"],"_links":{"self":[{"href":"https:\/\/diarioelpopular.com\/index.php\/wp-json\/wp\/v2\/posts\/492220","targetHints":{"allow":["GET"]}}],"collection":[{"href":"https:\/\/diarioelpopular.com\/index.php\/wp-json\/wp\/v2\/posts"}],"about":[{"href":"https:\/\/diarioelpopular.com\/index.php\/wp-json\/wp\/v2\/types\/post"}],"author":[{"embeddable":true,"href":"https:\/\/diarioelpopular.com\/index.php\/wp-json\/wp\/v2\/users\/99"}],"replies":[{"embeddable":true,"href":"https:\/\/diarioelpopular.com\/index.php\/wp-json\/wp\/v2\/comments?post=492220"}],"version-history":[{"count":1,"href":"https:\/\/diarioelpopular.com\/index.php\/wp-json\/wp\/v2\/posts\/492220\/revisions"}],"predecessor-version":[{"id":492222,"href":"https:\/\/diarioelpopular.com\/index.php\/wp-json\/wp\/v2\/posts\/492220\/revisions\/492222"}],"wp:attachment":[{"href":"https:\/\/diarioelpopular.com\/index.php\/wp-json\/wp\/v2\/media?parent=492220"}],"wp:term":[{"taxonomy":"category","embeddable":true,"href":"https:\/\/diarioelpopular.com\/index.php\/wp-json\/wp\/v2\/categories?post=492220"},{"taxonomy":"post_tag","embeddable":true,"href":"https:\/\/diarioelpopular.com\/index.php\/wp-json\/wp\/v2\/tags?post=492220"}],"curies":[{"name":"wp","href":"https:\/\/api.w.org\/{rel}","templated":true}]}}