{"id":492223,"date":"2020-06-19T10:03:19","date_gmt":"2020-06-19T14:03:19","guid":{"rendered":"https:\/\/diarioelpopular.com\/?p=492223"},"modified":"2020-06-19T10:03:19","modified_gmt":"2020-06-19T14:03:19","slug":"muerte-panico-y-las-denuncias-de-morales","status":"publish","type":"post","link":"https:\/\/diarioelpopular.com\/index.php\/2020\/06\/19\/muerte-panico-y-las-denuncias-de-morales\/","title":{"rendered":"Muerte, p\u00e1nico y las denuncias de Morales"},"content":{"rendered":"<div id=\"attachment_492224\" style=\"width: 160px\" class=\"wp-caption alignnone\"><img loading=\"lazy\" decoding=\"async\" aria-describedby=\"caption-attachment-492224\" class=\"size-thumbnail wp-image-492224\" src=\"https:\/\/diarioelpopular.com\/wp-content\/uploads\/2020\/06\/7f303ee876ddcc19f1cb2432eefd3ecc-150x150.jpg\" alt=\"\" width=\"150\" height=\"150\" \/><p id=\"caption-attachment-492224\" class=\"wp-caption-text\"><em>Bloqueo militar en El Alto, La Paz, en medio de la pandemia.<\/em><\/p><\/div>\n<p>&nbsp;<\/p>\n<h4><em><strong>Arde la pandemia y el sistema sanitario esta en colapso<\/strong><\/em><\/h4>\n<p>&nbsp;<\/p>\n<p><em><strong>LA PAZ, 19 JUN &#8211;<\/strong><\/em> El expresidente de Bolivia, Evo Morales, denunci\u00f3 que militares de su pa\u00eds est\u00e1n supuestamente haciendo pr\u00e1cticas de tiro y preparaci\u00f3n antiterrorista y denunci\u00f3 que el actual gobierno no se ocupa de la salud de la poblaci\u00f3n, cada vez m\u00e1s asfixiada por la pandemia de Covid-19.<br \/>\n&#8220;Militares patriotas e institucionalistas nos informan que el 6 de junio circul\u00f3 una comunicaci\u00f3n cifrada (codificada, NDR) con instrucci\u00f3n de hacer pr\u00e1cticas de tiro y preparaci\u00f3n antiterrorista; es el retorno de la Doctrina de la Seguridad Nacional de Estados Unidos que ve en los movimientos sociales al &#8216;enemigo'&#8221;, escribi\u00f3 hoy Morales en Twitter.<br \/>\nInmediatamente sobrevino la respuesta de la presidenta interina de Bolivia, Jeanine A\u00f1ez, quien dijo que Morales y el Movimiento Al Socialismo (MAS), &#8220;atacan&#8221; con &#8220;t\u00e1cticas terroristas&#8221; la gesti\u00f3n y las instituciones del Gobierno.<br \/>\n&#8220;En ese escenario de cuarentena, donde los hogares se preocupan por la econom\u00eda y la salud, en ese escenario de lucha para sostener bonos, en ese escenario lo que recibimos de Evo Morales, del MAS y de Luis Arce -candidato presidencial por el MAS- son ataques violentos a la democracia&#8221;, agreg\u00f3 A\u00f1ez.<br \/>\nPero Morales volvi\u00f3 ala carga con otro mensaje en las redes sociales. &#8220;El gobierno de facto sigue mintiendo a los bolivianos, dice que prioriza la vida pero, hasta ahora, no desembolsa los recursos que necesitan los municipios para atender la crisis sanitaria&#8221;, dispar\u00f3.<br \/>\nLa pandemia arrecia en Bolivia, y m\u00e1s de 100 d\u00edas con el virus dentro del territorio del pa\u00eds del Altiplano han dejado m\u00e1s de 600 muertos, casi 20 mil infectados y el sistema hospitalario est\u00e1 en derrumbe.<br \/>\nLos protocolos comienzan a modificarse para tratar de evitar una &#8220;cat\u00e1strofe epidemiol\u00f3gica&#8221;, dijo el diario el Deber, mientras P\u00e1gina Siete inform\u00f3 que m\u00e9dicos de Santa Cruz de la Sierra est\u00e1n desbordados y hablan de un &#8220;tsunami&#8221;.<br \/>\nEl personal m\u00e9dico est\u00e1 cayendo en las redes de este coronavirus inmanejable. Por ejemplo, en el Hospital de la Mujer, en La Paz, se detect\u00f3 durante la cuarentena din\u00e1mica a cinco trabajadores sanitarios sospechosos de Covid-19, por lo que fueron puestos en cuarentena. Aproximadamente 40% de los empleados son adultos mayores o presentan enfermedades de base, por lo que actualmente este centro atiende con 60% de su personal habitual.<br \/>\nTambi\u00e9n se anunci\u00f3 que falleci\u00f3 por Covid-19 C\u00e9sar Lijer\u00f3n, exdirector del hospital Germ\u00e1n Busch, que era un sobrevivientes de la fiebre hemorr\u00e1gica que azot\u00f3 a San Joaqu\u00edn en 1963, en la que fallecieron cerca de 1.500 personas.<br \/>\nEn tanto, la muerte de un hombre con s\u00edntomas de coronavirus durante una transmisi\u00f3n en vivo del programa de televisi\u00f3n &#8220;No mentir\u00e1s&#8221;, de la red PAT, desat\u00f3 un esc\u00e1ndalo pero, aunque en medio de cuestionamientos a la \u00e9tica period\u00edstica, desnud\u00f3 el estado en que est\u00e1 Santa Cruz en relaci\u00f3n a la crisis sanitaria.<br \/>\nLos familiares del hombre comentaron que peregrinaron desde las 11 de la ma\u00f1ana en busca de atenci\u00f3n m\u00e9dica y que la internaci\u00f3n del paciente fue rechazada en cinco centros de salud, hasta que termin\u00f3 muriendo en manos de un grupo de voluntarios, que asisten como pueden a enfermos.<br \/>\nLa prolongada transmisi\u00f3n en vivo de los trabajos de reanimaci\u00f3n m\u00e9dica fue calificada como una &#8220;falta de \u00e9tica period\u00edstica&#8221;, &#8220;morbo&#8221; y &#8220;una forma de subir el rating del programa&#8221;.<br \/>\nEl virus tambi\u00e9n avanza en las esferas pol\u00edticas. Dos senadoras de la alianza Unidad Dem\u00f3crata (UD) fueron contagiadas del nuevo coronavirus, casos que generaron preocupaci\u00f3n en la Asamblea Legislativa, seg\u00fan desvel\u00f3 el primer vicepresidente de la C\u00e1mara Alta, Omar Aguilar.<br \/>\nSeg\u00fan el legislador, quien evit\u00f3 revelar los nombres de las pacientes, ambas se encuentran aisladas en sus domicilios de sus regiones bajo supervisi\u00f3n m\u00e9dica.<br \/>\nHoras antes, la alcaldesa de Sucre, Rosario L\u00f3pez, se aisl\u00f3 como forma de precauci\u00f3n luego de que tuviera contacto con la directora municipal de Salud que dio positivo.<br \/>\nAdem\u00e1s de L\u00f3pez, el asesor de la Alcald\u00eda, Edwin Gonz\u00e1les, y dos concejales cuya identidad a\u00fan no se conoce est\u00e1n aislados, inform\u00f3 el diario La Raz\u00f3n.<br \/>\nTambi\u00e9n reson\u00f3 el caso del entrenador boliviano y exfutbolista Julio C\u00e9sar Baldivieso, quien confirm\u00f3 en las \u00faltimas horas que dio positivo a una prueba de Covid-19.<br \/>\nEl exmundialista en la Copa del Mundo de 1994 se encuentra de encierro en su domicilio, en la ciudad de Cochabamba, junto con otros miembros de su familia, entre ellos sus padres ancianos.<\/p>\n","protected":false},"excerpt":{"rendered":"<p>&nbsp; Arde la pandemia y el sistema sanitario esta en colapso &nbsp; LA PAZ, 19 JUN &#8211; El expresidente de Bolivia, Evo Morales, denunci\u00f3 que&hellip;<\/p>\n","protected":false},"author":99,"featured_media":0,"comment_status":"open","ping_status":"open","sticky":false,"template":"","format":"standard","meta":{"footnotes":""},"categories":[23],"tags":[],"class_list":["post-492223","post","type-post","status-publish","format-standard","hentry","category-latinoamerica"],"_links":{"self":[{"href":"https:\/\/diarioelpopular.com\/index.php\/wp-json\/wp\/v2\/posts\/492223","targetHints":{"allow":["GET"]}}],"collection":[{"href":"https:\/\/diarioelpopular.com\/index.php\/wp-json\/wp\/v2\/posts"}],"about":[{"href":"https:\/\/diarioelpopular.com\/index.php\/wp-json\/wp\/v2\/types\/post"}],"author":[{"embeddable":true,"href":"https:\/\/diarioelpopular.com\/index.php\/wp-json\/wp\/v2\/users\/99"}],"replies":[{"embeddable":true,"href":"https:\/\/diarioelpopular.com\/index.php\/wp-json\/wp\/v2\/comments?post=492223"}],"version-history":[{"count":1,"href":"https:\/\/diarioelpopular.com\/index.php\/wp-json\/wp\/v2\/posts\/492223\/revisions"}],"predecessor-version":[{"id":492225,"href":"https:\/\/diarioelpopular.com\/index.php\/wp-json\/wp\/v2\/posts\/492223\/revisions\/492225"}],"wp:attachment":[{"href":"https:\/\/diarioelpopular.com\/index.php\/wp-json\/wp\/v2\/media?parent=492223"}],"wp:term":[{"taxonomy":"category","embeddable":true,"href":"https:\/\/diarioelpopular.com\/index.php\/wp-json\/wp\/v2\/categories?post=492223"},{"taxonomy":"post_tag","embeddable":true,"href":"https:\/\/diarioelpopular.com\/index.php\/wp-json\/wp\/v2\/tags?post=492223"}],"curies":[{"name":"wp","href":"https:\/\/api.w.org\/{rel}","templated":true}]}}