{"id":492226,"date":"2020-06-19T10:06:19","date_gmt":"2020-06-19T14:06:19","guid":{"rendered":"https:\/\/diarioelpopular.com\/?p=492226"},"modified":"2020-06-19T10:06:19","modified_gmt":"2020-06-19T14:06:19","slug":"un-antidoto-latinoamericano-en-marcha","status":"publish","type":"post","link":"https:\/\/diarioelpopular.com\/index.php\/2020\/06\/19\/un-antidoto-latinoamericano-en-marcha\/","title":{"rendered":"Un ant\u00eddoto latinoamericano en marcha"},"content":{"rendered":"<div id=\"attachment_492227\" style=\"width: 160px\" class=\"wp-caption alignnone\"><img loading=\"lazy\" decoding=\"async\" aria-describedby=\"caption-attachment-492227\" class=\"size-thumbnail wp-image-492227\" src=\"https:\/\/diarioelpopular.com\/wp-content\/uploads\/2020\/06\/292883b1090f02e9a120bfeb20667c41-150x150.jpg\" alt=\"\" width=\"150\" height=\"150\" \/><p id=\"caption-attachment-492227\" class=\"wp-caption-text\"><em>Tambi\u00e9n Latinoam\u00e9rica trabaja en b\u00fasqueda de una vacuna contra el Covid-19 (foto: ANSA)<\/em><\/p><\/div>\n<p>&nbsp;<\/p>\n<h4><em><strong>Chileno creador vacuna contra sincicial ahora va por SARS-CoV-2<\/strong><\/em><\/h4>\n<p>&nbsp;<\/p>\n<p><em><strong>SANTIAGO DE CHILE, 19 JUN &#8211;<\/strong><\/em> Lo \u00fanico que puede generar inmunidad es la vacuna, afirm\u00f3 el experto chileno Alexis Kalergis, l\u00edder de un equipo que prueba una sustancia que bloquee al Covid-19 y que proveer\u00e1 a toda Am\u00e9rica latina. Creador de la vacuna contra el virus respiratorio sincicial desarrollada el a\u00f1o pasado, defendi\u00f3 en video conferencia con la prensa internacional en Chile a las vacunas porque &#8220;son capaces de disminuir las enfermedades y prevenir muertes por infecciones&#8221;.<br \/>\nAnte los movimientos antivacunas que se han levantado en el mundo, valor\u00f3 que esta nueva epidemia mundial reconecte a la gente con la importancia de los ant\u00eddotos para males que hoy d\u00eda se encuentran erradicados gracias a ellos, como la viruela, erradicada del mundo en 1980.<br \/>\nAnte la actual pandemia, Kalergis se\u00f1alo a ANSA que &#8220;lo \u00fanico que puede generar inmunidad es la vacuna&#8221; y que las medidas de cuarentenas s\u00f3lo son necesarias en la medida que se est\u00e1 a la espera del ansiado ant\u00eddoto. Frente al resurgimiento de brotes en China y Alemania, el cient\u00edfico dijo a este medio que &#8220;esta segunda ola muestra que el primer brote no genero inmunidad en la poblaci\u00f3n&#8221;.<br \/>\nLa vacuna, liderada por Kalergis junto a investigadores de la Universidad Cat\u00f3lica de Chile, el Instituto Milenio de Inmunolog\u00eda e Inmunoterapia y el Consorcio Tecnol\u00f3gico en Biomedicina Cl\u00ednico Molecular, se encuentra en etapa de ensayos precl\u00ednicos.<br \/>\nSu m\u00e9todo se basa en utilizar ant\u00edgenos o fragmentos de ant\u00edgenos de SARS-CoV-2, deducida desde su material gen\u00e9tico. &#8220;Elegimos este mecanismo de acuerdo a su capacidad de inducir una respuesta inmune favorable para la eliminaci\u00f3n del virus en ausencia de inflamaci\u00f3n excesiva. Nos encontramos desarrollando cuatro estrategias de vacunaci\u00f3n utilizando estas prote\u00ednas, que b\u00e1sicamente consisten en diferentes combinaciones de las prote\u00ednas seleccionadas junto a mol\u00e9culas inductoras de la respuesta inmune&#8221;, detall\u00f3 el investigador.<br \/>\nAcoto que es &#8220;una estrategia equivalente a la que usamos exitosamente para desarrollar una vacuna contra el virus respiratorio sincicial&#8221;. La &#8220;vacuna chilena&#8221; ya complet\u00f3 &#8220;la formulaci\u00f3n de algunos de los prototipos y actualmente estamos desarrollando los ensayos precl\u00ednicos, que corresponden a las pruebas a nivel de laboratorio que demuestren seguridad y efectividad en modelos experimentales&#8221;.<br \/>\nA\u00f1adi\u00f3 que ahora &#8220;ser\u00e1 necesario formular la vacuna en condiciones de buenas pr\u00e1cticas de manufactura para cumplir con las regulaciones nacionales e internacionales y posteriormente evaluar su seguridad e inmunogenicidad por medio de estudios cl\u00ednicos&#8221;.<br \/>\nEstim\u00f3 que de continuar trabajando de la misma forma, se podr\u00eda iniciar la prueba en humanos el pr\u00f3ximo a\u00f1o. Adem\u00e1s, si todas las etapas son logradas exitosamente demostrando seguridad, capacidad de inducir respuesta inmune y efectiva en su capacidad de proteger contra el SARS-CoV-2, podr\u00eda estar disponible para producirla a gran escala en el plazo de al menos dos a\u00f1os. Recientemente el grupo de investigadores de la UC recibi\u00f3 un aporte de 197.000 d\u00f3lares por parte de la Fundaci\u00f3n Copec-UC para seguir avanzando en los ensayos de la vacuna.<br \/>\nConsultado por los cientos de investigaciones que est\u00e1n detr\u00e1s de la vacuna que libere a la humanidad de esta pandemia, si alguna es mejor que otra, Kalergis explic\u00f3 que &#8220;no lo veo como una carrera porque eso lleva necesariamente a pensar en un ganador&#8221;. &#8220;Ac\u00e1 lo que necesitamos es vacunar a billones de personas.<br \/>\nNecesitamos muchas vacunas y hay diferentes maneras de inducir inmunidad segura y en cada una se est\u00e1n desarrollando estrategias diferentes, pero est\u00e1n todas dise\u00f1adas para combatir el virus&#8221;.<br \/>\nAnte la virulencia del contagio, el inmun\u00f3logo coincidi\u00f3 en que en un mundo globalizado, &#8220;es mucho m\u00e1s dif\u00edcil afrontar una epidemia&#8221;, aunque se tenga la tecnolog\u00eda, a diferencia de lo que ocurri\u00f3 con la gripe espa\u00f1ola hace 100 a\u00f1os.<br \/>\nPero esta epidemia, concluy\u00f3, &#8220;nos ha ense\u00f1ado que debemos ser humildes frente a estos agentes microsc\u00f3picos&#8221;.<\/p>\n","protected":false},"excerpt":{"rendered":"<p>&nbsp; Chileno creador vacuna contra sincicial ahora va por SARS-CoV-2 &nbsp; SANTIAGO DE CHILE, 19 JUN &#8211; Lo \u00fanico que puede generar inmunidad es la&hellip;<\/p>\n","protected":false},"author":99,"featured_media":0,"comment_status":"open","ping_status":"open","sticky":false,"template":"","format":"standard","meta":{"footnotes":""},"categories":[23],"tags":[],"class_list":["post-492226","post","type-post","status-publish","format-standard","hentry","category-latinoamerica"],"_links":{"self":[{"href":"https:\/\/diarioelpopular.com\/index.php\/wp-json\/wp\/v2\/posts\/492226","targetHints":{"allow":["GET"]}}],"collection":[{"href":"https:\/\/diarioelpopular.com\/index.php\/wp-json\/wp\/v2\/posts"}],"about":[{"href":"https:\/\/diarioelpopular.com\/index.php\/wp-json\/wp\/v2\/types\/post"}],"author":[{"embeddable":true,"href":"https:\/\/diarioelpopular.com\/index.php\/wp-json\/wp\/v2\/users\/99"}],"replies":[{"embeddable":true,"href":"https:\/\/diarioelpopular.com\/index.php\/wp-json\/wp\/v2\/comments?post=492226"}],"version-history":[{"count":1,"href":"https:\/\/diarioelpopular.com\/index.php\/wp-json\/wp\/v2\/posts\/492226\/revisions"}],"predecessor-version":[{"id":492228,"href":"https:\/\/diarioelpopular.com\/index.php\/wp-json\/wp\/v2\/posts\/492226\/revisions\/492228"}],"wp:attachment":[{"href":"https:\/\/diarioelpopular.com\/index.php\/wp-json\/wp\/v2\/media?parent=492226"}],"wp:term":[{"taxonomy":"category","embeddable":true,"href":"https:\/\/diarioelpopular.com\/index.php\/wp-json\/wp\/v2\/categories?post=492226"},{"taxonomy":"post_tag","embeddable":true,"href":"https:\/\/diarioelpopular.com\/index.php\/wp-json\/wp\/v2\/tags?post=492226"}],"curies":[{"name":"wp","href":"https:\/\/api.w.org\/{rel}","templated":true}]}}