{"id":492230,"date":"2020-06-19T20:39:26","date_gmt":"2020-06-20T00:39:26","guid":{"rendered":"https:\/\/diarioelpopular.com\/?p=492230"},"modified":"2020-06-19T20:39:26","modified_gmt":"2020-06-20T00:39:26","slug":"argentina-con-mas-y-mas-casos","status":"publish","type":"post","link":"https:\/\/diarioelpopular.com\/index.php\/2020\/06\/19\/argentina-con-mas-y-mas-casos\/","title":{"rendered":"Argentina con m\u00e1s y m\u00e1s casos"},"content":{"rendered":"<div id=\"attachment_492231\" style=\"width: 160px\" class=\"wp-caption alignnone\"><img loading=\"lazy\" decoding=\"async\" aria-describedby=\"caption-attachment-492231\" class=\"size-thumbnail wp-image-492231\" src=\"https:\/\/diarioelpopular.com\/wp-content\/uploads\/2020\/06\/c73e494d90f519f7fc3adc67e6f395b9-150x150.jpg\" alt=\"\" width=\"150\" height=\"150\" \/><p id=\"caption-attachment-492231\" class=\"wp-caption-text\"><em>Desinfecciones en la populosa periferia de Buenos Aires.<\/em><\/p><\/div>\n<p>&nbsp;<\/p>\n<h4><em><strong>Presidente llama no hacer in\u00fatiles los esfuerzos. Puja pol\u00edtica<\/strong><\/em><\/h4>\n<p>&nbsp;<\/p>\n<p><em><strong>BUENOS AIRES, 19 JUN &#8211;<\/strong><\/em> El presidente argentino, Alberto Fern\u00e1ndez, advirti\u00f3 hoy por la velocidad de contagios de Covid-19 que se registran en la ciudad de Buenos Aires y, sobre todo, en su populosa periferia, y llam\u00f3 a no derrumbar los esfuerzos.<br \/>\nEl mandatario remarc\u00f3 la necesidad de evitar que todo el esfuerzo que se hizo hasta ahora se vuelva in\u00fatil por &#8220;salir a correr o a mirar vidrieras&#8221;.<br \/>\nFern\u00e1ndez realiz\u00f3 esas declaraciones mientras el gobierno de la ciudad de Buenos Aires, conducido por la coalici\u00f3n opositora Juntos por el Cambio, se resiste a los intentos del gobierno nacional y de la provincia de Buenos Aires, comandados por el peronismo, de endurecer la cuarentena, que comenz\u00f3 el 20 de marzo.<br \/>\n&#8220;Tenemos distintas realidades. Provincias con la cosa muy controlada, provincias que cre\u00edan que lo ten\u00edan controlado y se les descontrol\u00f3, y el AMBA (la capital argentina y el conurbano bonaerense, NDR) y Resistencia (norte del pa\u00eds), donde est\u00e1n los focos m\u00e1s intensos&#8221;, dijo Fern\u00e1ndez. &#8220;Ah\u00ed tenemos que ser muy firmes y hacerles entender a los argentinos que circular es un riesgo enorme&#8221;, enfatiz\u00f3.<br \/>\nPor ese motivo, el mandatario hab\u00eda deslizado hace unos d\u00edas la posibilidad de que se endurezcan las restricciones, tal como sucedi\u00f3 en marzo y en abril pasados, am\u00e9n de la pol\u00e9mica que se desat\u00f3 por los &#8220;runners&#8221; corriendo sin mantener la distancia adecuada en varios parques de la ciudad de Buenos Aires.<br \/>\nPero el gobierno de la capital argentina impuls\u00f3 en las \u00faltimas semanas la apertura de m\u00e1s sectores econ\u00f3micos, as\u00ed como actividades deportivas entre las 19 y 9 (hora local) y los paseos recreativos para ni\u00f1os los fines de semana.<br \/>\nSe trata de un cambio en relaci\u00f3n con c\u00f3mo se gestion\u00f3 en un principio la pandemia en la capital argentina y su populosa periferia, donde dirigentes de distinto signo pol\u00edtico coordinaron decisiones para evitar contagios. &#8220;Para resolver los problemas de la econom\u00eda, vamos a tener tiempo. El Estado no va a dejar de socorrer a nadie. Lo que s\u00ed no vamos a poder hacer es socorrer a los que ya no est\u00e1n&#8221;, insisti\u00f3 hoy el mandatario argentino.<br \/>\n&#8220;A m\u00ed cada muerto me duele una enormidad. No quiero contar muertos, quiero contar vidas. Espero que la Argentina y quienes son vecinos m\u00edos, los porte\u00f1os y quienes viven en el Gran Buenos Aires, entiendan la necesidad de volver a quedarse en casa para volver a ordenar un poco la cosa&#8221;, subray\u00f3.<br \/>\nEn Argentina se ha producido una de las cuarentenas m\u00e1s largas del mundo, iniciada el 20 de marzo, y que persiste hasta el pr\u00f3ximo 28 de junio, aunque se ha flexibilizado en distintas partes del pa\u00eds. Adem\u00e1s, hasta el momento es uno de los pa\u00edses de Am\u00e9rica Latina con menos infecciones y fallecidos, pues registra algo m\u00e1s de 37.500 contagiados de coronavirus y 954 muertos.<br \/>\nEl distrito m\u00e1s problem\u00e1tico es la provincia de Buenos Aires, especialmente la zona que bordea a la capital argentina. En esa zona, los casos de coronavirus ascendieron a 16.451 tras confirmarse 1.106 nuevos contagios en las \u00faltimas 24 horas.<br \/>\nEn los \u00faltimos d\u00edas tambi\u00e9n trascendieron casos de pol\u00edticos contagiados, entre otros, los del alcalde de la localidad bonaerense de Lomas de Zamora, Mart\u00edn Insaurralde, la ministra de Espacio P\u00fablico e Higiene Urbana de la capital argentina, Clara Muzzio, y la exgobernadora de la provincia de Buenos Aires, Mar\u00eda Eugenia Vidal.<\/p>\n","protected":false},"excerpt":{"rendered":"<p>&nbsp; Presidente llama no hacer in\u00fatiles los esfuerzos. Puja pol\u00edtica &nbsp; BUENOS AIRES, 19 JUN &#8211; El presidente argentino, Alberto Fern\u00e1ndez, advirti\u00f3 hoy por la&hellip;<\/p>\n","protected":false},"author":99,"featured_media":0,"comment_status":"open","ping_status":"open","sticky":false,"template":"","format":"standard","meta":{"footnotes":""},"categories":[23],"tags":[],"class_list":["post-492230","post","type-post","status-publish","format-standard","hentry","category-latinoamerica"],"_links":{"self":[{"href":"https:\/\/diarioelpopular.com\/index.php\/wp-json\/wp\/v2\/posts\/492230","targetHints":{"allow":["GET"]}}],"collection":[{"href":"https:\/\/diarioelpopular.com\/index.php\/wp-json\/wp\/v2\/posts"}],"about":[{"href":"https:\/\/diarioelpopular.com\/index.php\/wp-json\/wp\/v2\/types\/post"}],"author":[{"embeddable":true,"href":"https:\/\/diarioelpopular.com\/index.php\/wp-json\/wp\/v2\/users\/99"}],"replies":[{"embeddable":true,"href":"https:\/\/diarioelpopular.com\/index.php\/wp-json\/wp\/v2\/comments?post=492230"}],"version-history":[{"count":1,"href":"https:\/\/diarioelpopular.com\/index.php\/wp-json\/wp\/v2\/posts\/492230\/revisions"}],"predecessor-version":[{"id":492232,"href":"https:\/\/diarioelpopular.com\/index.php\/wp-json\/wp\/v2\/posts\/492230\/revisions\/492232"}],"wp:attachment":[{"href":"https:\/\/diarioelpopular.com\/index.php\/wp-json\/wp\/v2\/media?parent=492230"}],"wp:term":[{"taxonomy":"category","embeddable":true,"href":"https:\/\/diarioelpopular.com\/index.php\/wp-json\/wp\/v2\/categories?post=492230"},{"taxonomy":"post_tag","embeddable":true,"href":"https:\/\/diarioelpopular.com\/index.php\/wp-json\/wp\/v2\/tags?post=492230"}],"curies":[{"name":"wp","href":"https:\/\/api.w.org\/{rel}","templated":true}]}}