{"id":492233,"date":"2020-06-19T20:42:07","date_gmt":"2020-06-20T00:42:07","guid":{"rendered":"https:\/\/diarioelpopular.com\/?p=492233"},"modified":"2020-06-19T20:42:07","modified_gmt":"2020-06-20T00:42:07","slug":"indigenas-mexicanos-sufren-mas","status":"publish","type":"post","link":"https:\/\/diarioelpopular.com\/index.php\/2020\/06\/19\/indigenas-mexicanos-sufren-mas\/","title":{"rendered":"Ind\u00edgenas mexicanos sufren m\u00e1s"},"content":{"rendered":"<div id=\"attachment_492234\" style=\"width: 160px\" class=\"wp-caption alignnone\"><img loading=\"lazy\" decoding=\"async\" aria-describedby=\"caption-attachment-492234\" class=\"size-thumbnail wp-image-492234\" src=\"https:\/\/diarioelpopular.com\/wp-content\/uploads\/2020\/06\/fbd7992b400076e70d5368e172baf002-150x150.jpg\" alt=\"\" width=\"150\" height=\"150\" \/><p id=\"caption-attachment-492234\" class=\"wp-caption-text\">Ind\u00edgenas mexicanos.<\/p><\/div>\n<h4><em><strong>Crisis castiga sin piedad a etnias en lo sanitario y econ\u00f3mico<\/strong><\/em><\/h4>\n<p>&nbsp;<\/p>\n<p><em><strong>CIUDAD DE MEXICO, 19 JUN &#8211;<\/strong><\/em> Los ind\u00edgenas mexicanos sufren m\u00e1s por la pandemia de coronavirus, no tanto por una alta cifra de contagios sino por la elevada posibilidad de morir, superior a la de otros sectores, as\u00ed como por el brutal impacto econ\u00f3mico derivado del prolongado confinamiento. Los pocos casos que se registran en peque\u00f1as localidades rurales que habitan, en las regiones m\u00e1s abruptas y aisladas del pa\u00eds, sufren una tasa de letalidad de 17,5%, contra 11,9% del promedio en el pa\u00eds, de por s\u00ed una de las m\u00e1s elevadas del mundo, el doble de la media internacional.<br \/>\nEsta circunstancia &#8220;revela la vulnerabilidad que ante la pandemia tienen las comunidades originarias, tanto en las urbes como en sus lugares de origen, por lo que el riesgo de fallecer de un ind\u00edgena infectado es 70% mayor con respecto otro enfermo por este mal no ind\u00edgena&#8221;, afirm\u00f3 el ministerio de Salud.<br \/>\nLos estado sonde m\u00e1s ind\u00edgenas han fallecido por la pandemia de Covid-19 son Yucat\u00e1n (sureste), Ciudad y Estado de M\u00e9xico (centro-sur), y Oaxaca, seg\u00fan Pascual Gonz\u00e1lez, presidente del Movimiento de Pueblos, Comunidades, y Organizaciones Ind\u00edgenas Movimiento Nacional.<br \/>\nEn la capital y el vecino estado de M\u00e9xico los ind\u00edgenas son por lo general inmigrantes que habitan la zona perif\u00e9rica y a diario se desplazan hacia la zona centro de la metr\u00f3poli para desempe\u00f1arse en labores de la industria de la construcci\u00f3n, comercio informal o trabajo dom\u00e9stico.<br \/>\n&#8220;La poblaci\u00f3n ind\u00edgena mexicana est\u00e1 sufriendo los peores efectos de la crisis econ\u00f3mica provocada por la pandemia del coronavirus&#8221;, se\u00f1al\u00f3 el acad\u00e9mico Ricardo Raphael.<br \/>\n&#8220;Las personas econ\u00f3micamente activas que pertenecen a comunidades ind\u00edgenas viven mayoritariamente en M\u00e9xico de trabajar para cinco sectores: construcci\u00f3n, trabajo remunerado en el hogar, agricultura, turismo y comercio&#8221;, los sectores con &#8220;pron\u00f3sticos preocupantes para este 2020&#8221;, indic\u00f3.<br \/>\nRaphael calcula que al menos 20% de los 3,5 millones de trabajadores de la construcci\u00f3n, una rama de la industria que contabiliza 20 meses en ca\u00edda libre, son ind\u00edgenas pero hay estados sobre todo del sureste en que esta cifra rebasa el 30%.<br \/>\n&#8220;El trabajo remunerado en el hogar es otro de los empleos que m\u00e1s est\u00e1 sufriendo y un porcentaje alto de mujeres de origen ind\u00edgena se dedica a este oficio&#8221;, a\u00f1ade al indicar que de las 2,4 millones de &#8220;empleadas dom\u00e9sticas&#8221; provienen de alguna etnia.<br \/>\nLos grupos ind\u00edgenas lanzaron llamados a las autoridades a fin de ser atendidas sus necesidades durante la pandemia, pues tambi\u00e9n se trata de la poblaci\u00f3n m\u00e1s vulnerable en t\u00e9rminos econ\u00f3micos, que m\u00e1s ha sufrido por la p\u00e9rdida de empleos por la cuarentena iniciada el 23 de marzo pasado.<br \/>\n&#8220;Las condiciones de abandono y escasa asistencia de los grupos ind\u00edgenas mexicanos, se hace m\u00e1s evidente en estos momentos&#8221;, afirm\u00f3 Gonz\u00e1lez. Jes\u00fas Armando Haro, del Consejo Latinoamericano de Ciencias Sociales (CLASO), considera que los pueblos ind\u00edgenas de M\u00e9xico viven la pandemia &#8220;entre la incredulidad indiferente y el p\u00e1nico&#8221; y &#8220;con grandes desventajas respecto al resto de los mexicanos&#8221;.<br \/>\nAun cuando buena parte de los ind\u00edgenas tiene hoy acceso a radio y televisi\u00f3n, adem\u00e1s de telefon\u00eda m\u00f3vil con Internet no son debidamente orientados sobre las medidas b\u00e1sicas que deben adoptar para protegerse del coronavirus, considera.<br \/>\nEllo explica porque en algunas poblaciones ind\u00edgenas del sureste los habitantes han quemado cl\u00ednicas o se han rebelado violentamente impidiendo el trabajo de brigadas que realizan labores de saneamiento, pues creen que les van a &#8220;inocular el virus&#8221; en vez de efectuar acciones de fumigaci\u00f3n.<br \/>\nLa semana pasada, un grupo de ind\u00edgenas del municipio de Las Rosas, en el estado sure\u00f1o de Chiapas, fronterizo con Guatemala, destrozaron un hospital y quemaron una ambulancia, agrediendo adem\u00e1s a personal m\u00e9dico cuando se iniciaban tareas de sanitizaci\u00f3n en algunos barrios tras la muerte de un vecino por Covid-19, la grito de &#8220;vienen a esparcir el virus&#8221;.<br \/>\nEn otros municipios de Chiapas como en Venustiano Carranza, Totolapa, Simojovel y otros, en zonas de influenza de la guerrilla zapatista alzada en armas en enero de 1994, se han organizado pobladores para impedir la campa\u00f1a anual de fumigaci\u00f3n contra el mosquito que provoca el dengue, zika y chinkunguya.<\/p>\n","protected":false},"excerpt":{"rendered":"<p>Crisis castiga sin piedad a etnias en lo sanitario y econ\u00f3mico &nbsp; CIUDAD DE MEXICO, 19 JUN &#8211; Los ind\u00edgenas mexicanos sufren m\u00e1s por la&hellip;<\/p>\n","protected":false},"author":99,"featured_media":0,"comment_status":"open","ping_status":"open","sticky":false,"template":"","format":"standard","meta":{"footnotes":""},"categories":[23],"tags":[],"class_list":["post-492233","post","type-post","status-publish","format-standard","hentry","category-latinoamerica"],"_links":{"self":[{"href":"https:\/\/diarioelpopular.com\/index.php\/wp-json\/wp\/v2\/posts\/492233","targetHints":{"allow":["GET"]}}],"collection":[{"href":"https:\/\/diarioelpopular.com\/index.php\/wp-json\/wp\/v2\/posts"}],"about":[{"href":"https:\/\/diarioelpopular.com\/index.php\/wp-json\/wp\/v2\/types\/post"}],"author":[{"embeddable":true,"href":"https:\/\/diarioelpopular.com\/index.php\/wp-json\/wp\/v2\/users\/99"}],"replies":[{"embeddable":true,"href":"https:\/\/diarioelpopular.com\/index.php\/wp-json\/wp\/v2\/comments?post=492233"}],"version-history":[{"count":1,"href":"https:\/\/diarioelpopular.com\/index.php\/wp-json\/wp\/v2\/posts\/492233\/revisions"}],"predecessor-version":[{"id":492235,"href":"https:\/\/diarioelpopular.com\/index.php\/wp-json\/wp\/v2\/posts\/492233\/revisions\/492235"}],"wp:attachment":[{"href":"https:\/\/diarioelpopular.com\/index.php\/wp-json\/wp\/v2\/media?parent=492233"}],"wp:term":[{"taxonomy":"category","embeddable":true,"href":"https:\/\/diarioelpopular.com\/index.php\/wp-json\/wp\/v2\/categories?post=492233"},{"taxonomy":"post_tag","embeddable":true,"href":"https:\/\/diarioelpopular.com\/index.php\/wp-json\/wp\/v2\/tags?post=492233"}],"curies":[{"name":"wp","href":"https:\/\/api.w.org\/{rel}","templated":true}]}}