{"id":492236,"date":"2020-06-19T20:45:20","date_gmt":"2020-06-20T00:45:20","guid":{"rendered":"https:\/\/diarioelpopular.com\/?p=492236"},"modified":"2020-06-19T20:45:20","modified_gmt":"2020-06-20T00:45:20","slug":"chile-tiene-varios-cementerios-en-colapso","status":"publish","type":"post","link":"https:\/\/diarioelpopular.com\/index.php\/2020\/06\/19\/chile-tiene-varios-cementerios-en-colapso\/","title":{"rendered":"Chile tiene varios cementerios en colapso"},"content":{"rendered":"<div id=\"attachment_492237\" style=\"width: 160px\" class=\"wp-caption alignnone\"><img loading=\"lazy\" decoding=\"async\" aria-describedby=\"caption-attachment-492237\" class=\"size-thumbnail wp-image-492237\" src=\"https:\/\/diarioelpopular.com\/wp-content\/uploads\/2020\/06\/fb0b0dd858a226eca0d0a9c3e1b1ad3f-150x150.jpg\" alt=\"\" width=\"150\" height=\"150\" \/><p id=\"caption-attachment-492237\" class=\"wp-caption-text\"><em>Muertes y m\u00e1s muertes en Chile. Hay cementerios colapsados.<\/em><\/p><\/div>\n<p>&nbsp;<\/p>\n<h4><em><strong>A hospitales colapsados se sumaron ahora los cementerios<\/strong><\/em><\/h4>\n<p>&nbsp;<\/p>\n<p><em><strong>SANTIAGO DE CHILE, 19 JUN &#8211;<\/strong><\/em> Chile super\u00f3 hoy los 4.000 muertos y ciudades como Calama, en el extremo norte del pa\u00eds, ya debi\u00f3 comprar contenedores de baja temperatura para los cuerpos por el alza de decesos en junio.<br \/>\nLa secretaria regional ministerial de Salud, Rossana D\u00edaz, confirm\u00f3 la compra de containers mortuorios es para ser utilizado en v\u00edctimas del Covid-19.<br \/>\n&#8220;Se est\u00e1 gestionando la compra de dos containers congeladores, uno para Antofagasta y el otro para Calama, ya se mandaron las cotizaciones pero el servicio de salud ahora tiene que ver el tema de la compra&#8221;, se\u00f1al\u00f3 la autoridad a El Diario de Antofagasta.<br \/>\nCalama reci\u00e9n se encuentra desde el 7 de junio en cuarentena aunque las autoridades locales clamaban por medidas m\u00e1s restrictivas, como el cierre del aeropuerto o limitar que las personas que realizan turnos en las empresas mineras de la zona.<br \/>\nCalama ten\u00eda 1.532 (un aumento del 34,6% respecto al \u00faltimo reporte) de pacientes con Covid-19 y 34 fallecidos y esta semana pas\u00f3 a 2.105 contagiados y 114 decesos inscritos en el Registro Civil.<br \/>\nEl alcalde Daniel Agusto alerto que el Cementerio Municipal se encontraba al borde de su capacidad con solo 4 nichos disponibles, lo que motiv\u00f3 al municipio a ordenar la construcci\u00f3n de 30 sepulturas m\u00e1s.<br \/>\n&#8220;La situaci\u00f3n en Calama es cr\u00edtica y grave, debido primero a la vertiginosa alza exponencial de los contagios por d\u00edas que estamos pr\u00e1cticamente superando a todas las comunas de la macrozona norte. De hecho antes de ayer tuvimos 200 casos en un d\u00eda. Cada d\u00eda se supera el r\u00e9cord de contagios&#8221;, explic\u00f3 el jefe comunal.<br \/>\n&#8220;Lo otro -acot\u00f3- es la tasa de mortalidad, la que creo es una de las m\u00e1s altas de todo Chile. Y eso hace que todo est\u00e9 en un nivel de colapso absoluto&#8221;. &#8220;Aqu\u00ed ya se est\u00e1 dando el fen\u00f3meno de la \u00faltima cama y eso es terrible y es brutal la situaci\u00f3n. Por eso necesitamos m\u00e1s confinamiento en la ciudad&#8221; y pidi\u00f3 la instalaci\u00f3n urgente de un hospital de campa\u00f1a. Agusto lament\u00f3 que la pandemia &#8220;evidencia el abandono hist\u00f3rico que ha tenido nuestra comuna&#8221;.<br \/>\nLa diputada y presidenta del opositor partido de izquierda Revoluci\u00f3n Democr\u00e1tica, Catalina P\u00e9rez, acus\u00f3 que la cuarentena se decidi\u00f3 tarde, pese al reclamo transversal en la regi\u00f3n. &#8220;Decidieron llegar tarde a un zona donde adem\u00e1s hay otros factores como la contaminaci\u00f3n y la altura (2.400 metros), que aumentan la tasa de mortalidad que hoy es de 3.5%, casi el doble de la media nacional&#8221;, indic\u00f3.<br \/>\nP\u00e9rez denunci\u00f3 que &#8220;la decisi\u00f3n de circunscribir la cuarentena a la zona urbana es para que las faenas sigan funcionando con normalidad y le hemos dicho a las autoridades que la miner\u00eda se recupera pero las vidas no. As\u00ed como en Cerro Colorado (en la Regi\u00f3n de Tarapac\u00e1) se han tomado las medidas para operar solo con dotaci\u00f3n residente en la regi\u00f3n, Codelco (principal productora mundial de cobre) tambi\u00e9n lo podr\u00eda hacer para disminuir la circulaci\u00f3n entre regiones, pues el tramo a\u00e9reo Santiago-Calama sigue siendo el m\u00e1s utilizado a nivel nacional&#8221;. Hay d\u00edas en que a Calama llegan 17 vuelos desde Santiago y Concepci\u00f3n. El d\u00eda con menos trayectos es de al menos 10.<br \/>\nA nivel nacional, hoy el Ministerio de Salud report\u00f3 6.290 casos de Covid-19 en las \u00faltimas 24 horas, 5.016 sintom\u00e1ticos, 599 asintom\u00e1ticos y 675 no notificados, alcanzando un total de 231.393 personas infectadas.<br \/>\nLos no notificados son los positivos no informados al Minsal y que la autoridad sanitaria sali\u00f3 a &#8220;buscar&#8221; a los laboratorios.<br \/>\nEn esta jornada se report\u00f3 tambi\u00e9n la muerte de 252 personas inscritas en el Registro Civil, elevando la cifra total a 4.093.<br \/>\nSe trata de la cifra m\u00e1s alta de muertos reportados en un balance diario, sin considerar los m\u00e1s de 500 fallecidos que fueron agregados tras la correcci\u00f3n de cifras de decesos que se hizo la semana pasada. Hasta ahora, el alza diaria m\u00e1s elevada se hab\u00eda registrado el s\u00e1bado 13 con 231 v\u00edctimas fatales.<\/p>\n","protected":false},"excerpt":{"rendered":"<p>&nbsp; A hospitales colapsados se sumaron ahora los cementerios &nbsp; SANTIAGO DE CHILE, 19 JUN &#8211; Chile super\u00f3 hoy los 4.000 muertos y ciudades como&hellip;<\/p>\n","protected":false},"author":99,"featured_media":0,"comment_status":"open","ping_status":"open","sticky":false,"template":"","format":"standard","meta":{"footnotes":""},"categories":[23],"tags":[],"class_list":["post-492236","post","type-post","status-publish","format-standard","hentry","category-latinoamerica"],"_links":{"self":[{"href":"https:\/\/diarioelpopular.com\/index.php\/wp-json\/wp\/v2\/posts\/492236","targetHints":{"allow":["GET"]}}],"collection":[{"href":"https:\/\/diarioelpopular.com\/index.php\/wp-json\/wp\/v2\/posts"}],"about":[{"href":"https:\/\/diarioelpopular.com\/index.php\/wp-json\/wp\/v2\/types\/post"}],"author":[{"embeddable":true,"href":"https:\/\/diarioelpopular.com\/index.php\/wp-json\/wp\/v2\/users\/99"}],"replies":[{"embeddable":true,"href":"https:\/\/diarioelpopular.com\/index.php\/wp-json\/wp\/v2\/comments?post=492236"}],"version-history":[{"count":1,"href":"https:\/\/diarioelpopular.com\/index.php\/wp-json\/wp\/v2\/posts\/492236\/revisions"}],"predecessor-version":[{"id":492238,"href":"https:\/\/diarioelpopular.com\/index.php\/wp-json\/wp\/v2\/posts\/492236\/revisions\/492238"}],"wp:attachment":[{"href":"https:\/\/diarioelpopular.com\/index.php\/wp-json\/wp\/v2\/media?parent=492236"}],"wp:term":[{"taxonomy":"category","embeddable":true,"href":"https:\/\/diarioelpopular.com\/index.php\/wp-json\/wp\/v2\/categories?post=492236"},{"taxonomy":"post_tag","embeddable":true,"href":"https:\/\/diarioelpopular.com\/index.php\/wp-json\/wp\/v2\/tags?post=492236"}],"curies":[{"name":"wp","href":"https:\/\/api.w.org\/{rel}","templated":true}]}}