{"id":492262,"date":"2020-06-21T12:24:01","date_gmt":"2020-06-21T16:24:01","guid":{"rendered":"https:\/\/diarioelpopular.com\/?p=492262"},"modified":"2020-06-21T12:24:01","modified_gmt":"2020-06-21T16:24:01","slug":"chile-supera-los-7000-muertos-por-coronavirus-segun-nuevo-conteo","status":"publish","type":"post","link":"https:\/\/diarioelpopular.com\/index.php\/2020\/06\/21\/chile-supera-los-7000-muertos-por-coronavirus-segun-nuevo-conteo\/","title":{"rendered":"Chile supera los 7,000 muertos por coronavirus, seg\u00fan nuevo conteo"},"content":{"rendered":"<div id=\"attachment_492263\" style=\"width: 646px\" class=\"wp-caption alignnone\"><img loading=\"lazy\" decoding=\"async\" aria-describedby=\"caption-attachment-492263\" class=\"size-custom-full-size wp-image-492263\" src=\"https:\/\/diarioelpopular.com\/wp-content\/uploads\/2020\/06\/muertos_chilenos-636x454.jpg\" alt=\"\" width=\"636\" height=\"454\" \/><p id=\"caption-attachment-492263\" class=\"wp-caption-text\"><em>El reporte diario del Ministerio de Salud sigui\u00f3 mostrando datos alarmante para Chile, que se mantiene como uno de los focos mundiales. Foto \/ Radio Corporaci\u00f3n<\/em><\/p><\/div>\n<p>&nbsp;<\/p>\n<p><em><strong>Santiago, Chile<\/strong><\/em> | Chile report\u00f3 este s\u00e1bado 7.144 fallecidos de covid-19 al incluir en un conteo oficial las muertes probables asociadas a la enfermedad y no s\u00f3lo aquellas confirmadas con un examen de PCR (hisopado), informaron las autoridades de Salud.<\/p>\n<p>El n\u00famero de muertes probables atribuidas al coronavirus por el Departamento de Estad\u00edsticas e Informaci\u00f3n de Salud (DEIS), el brazo estad\u00edstico del Ministerio de Salud, ascendi\u00f3 a 3.069, seg\u00fan indic\u00f3 en rueda de prensa el jefe de la entidad, Rafael Araos, al hacer p\u00fablico por primera vez este registro, revelado la semana pasada por el centro de investigaci\u00f3n period\u00edstica CIPER y que antecedi\u00f3 a la renuncia del entonces ministro de Salud, Jaime Ma\u00f1alich.<\/p>\n<p>Estos casos probables se suman a los 4.075 fallecidos certificados con un ex\u00e1men de PCR acreditados tambi\u00e9n por el DEIS, que da para este registro un total acumulado de 7.144 desde el primer caso de coronavirus reportado en el pa\u00eds el 3 de marzo.<\/p>\n<p>La informaci\u00f3n entregada este s\u00e1bado viene a saldar semanas de controversias tras reportes de prensa que dieron cuenta de &#8220;excesos de muertes&#8221; no informadas por las autoridades y registro paralelos de muertes probables entregadas por el DEIS a la Organizaci\u00f3n Mundial de la Salud (OMS) pero no reportadas a la poblaci\u00f3n.<\/p>\n<p>A partir de ahora, el registro diario -que considera s\u00f3lo las muertes certificadas por un examen de PCR- no se va a alterar, pero todos los viernes se entregar\u00e1 tambi\u00e9n un registro con todas aquellas muertes probables, tal y como recomienda la OMS.<\/p>\n<p>El reporte diario del Ministerio de Salud sigui\u00f3 mostrando datos alarmante para Chile, que se mantiene como uno de los focos mundiales de la pandemia, sobre todo Santiago, la capital donde viven siete de los 18 millones de habitantes de este pa\u00eds, la cuarta urbe con m\u00e1s casos confirmados en el mundo por detr\u00e1s de Nueva York, Mosc\u00fa y Sao Paulo, seg\u00fan el recuento de la Universidad John Hopkins.<\/p>\n<p>En las \u00faltimas 24 horas, se sumaron 5.335 contagios y 202 fallecidos, para totalizar 4.295 fallecidos -de acuerdo a este reporte que considera s\u00f3lo ex\u00e1menes de PCR confirmados- y un total de 236.748 infectados.<\/p>\n","protected":false},"excerpt":{"rendered":"<p>&nbsp; Santiago, Chile | Chile report\u00f3 este s\u00e1bado 7.144 fallecidos de covid-19 al incluir en un conteo oficial las muertes probables asociadas a la enfermedad&hellip;<\/p>\n","protected":false},"author":99,"featured_media":0,"comment_status":"open","ping_status":"open","sticky":false,"template":"","format":"standard","meta":{"footnotes":""},"categories":[23],"tags":[],"class_list":["post-492262","post","type-post","status-publish","format-standard","hentry","category-latinoamerica"],"_links":{"self":[{"href":"https:\/\/diarioelpopular.com\/index.php\/wp-json\/wp\/v2\/posts\/492262","targetHints":{"allow":["GET"]}}],"collection":[{"href":"https:\/\/diarioelpopular.com\/index.php\/wp-json\/wp\/v2\/posts"}],"about":[{"href":"https:\/\/diarioelpopular.com\/index.php\/wp-json\/wp\/v2\/types\/post"}],"author":[{"embeddable":true,"href":"https:\/\/diarioelpopular.com\/index.php\/wp-json\/wp\/v2\/users\/99"}],"replies":[{"embeddable":true,"href":"https:\/\/diarioelpopular.com\/index.php\/wp-json\/wp\/v2\/comments?post=492262"}],"version-history":[{"count":1,"href":"https:\/\/diarioelpopular.com\/index.php\/wp-json\/wp\/v2\/posts\/492262\/revisions"}],"predecessor-version":[{"id":492264,"href":"https:\/\/diarioelpopular.com\/index.php\/wp-json\/wp\/v2\/posts\/492262\/revisions\/492264"}],"wp:attachment":[{"href":"https:\/\/diarioelpopular.com\/index.php\/wp-json\/wp\/v2\/media?parent=492262"}],"wp:term":[{"taxonomy":"category","embeddable":true,"href":"https:\/\/diarioelpopular.com\/index.php\/wp-json\/wp\/v2\/categories?post=492262"},{"taxonomy":"post_tag","embeddable":true,"href":"https:\/\/diarioelpopular.com\/index.php\/wp-json\/wp\/v2\/tags?post=492262"}],"curies":[{"name":"wp","href":"https:\/\/api.w.org\/{rel}","templated":true}]}}