{"id":492271,"date":"2020-06-22T11:13:25","date_gmt":"2020-06-22T15:13:25","guid":{"rendered":"https:\/\/diarioelpopular.com\/?p=492271"},"modified":"2020-06-22T11:13:25","modified_gmt":"2020-06-22T15:13:25","slug":"el-crimen-logra-eclipsar-al-virus-en-mexico","status":"publish","type":"post","link":"https:\/\/diarioelpopular.com\/index.php\/2020\/06\/22\/el-crimen-logra-eclipsar-al-virus-en-mexico\/","title":{"rendered":"El crimen logra eclipsar al virus en M\u00e9xico"},"content":{"rendered":"<div id=\"attachment_492272\" style=\"width: 160px\" class=\"wp-caption alignnone\"><img loading=\"lazy\" decoding=\"async\" aria-describedby=\"caption-attachment-492272\" class=\"size-thumbnail wp-image-492272\" src=\"https:\/\/diarioelpopular.com\/wp-content\/uploads\/2020\/06\/f24848e007e0b32b248e7005d7b4dd54-150x150.jpg\" alt=\"\" width=\"150\" height=\"150\" \/><p id=\"caption-attachment-492272\" class=\"wp-caption-text\"><em>La brutal violencia del crimen organizado no amaina en M\u00e9xico ni con la crisis sanitaria.<\/em><\/p><\/div>\n<p>&nbsp;<\/p>\n<h4><em><strong>En el norte y centro del pa\u00eds campea violencia en las calles<\/strong><\/em><\/h4>\n<p><em><strong>CIUDAD DE MEXICO, 21 JUN &#8211;<\/strong><\/em> La pandemia, que a\u00fan no da tregua a M\u00e9xico, segundo pa\u00eds con m\u00e1s fatalidades en Am\u00e9rica Latina, est\u00e1 siendo opacada por la rampante violencia derivada del crimen organizado, que registr\u00f3 episodios sangrientos en el centro y norte del pa\u00eds.<br \/>\nEn por lo menos 12 municipios del estado de Guanajuato (centro), se suscit\u00f3 una oleada de disturbios callejeros que incluyeron el incendio de negocios, buses del transporte p\u00fablico y autom\u00f3viles, tiroteos y persecuciones callejeras.<br \/>\nAdem\u00e1s fueron detonadas granadas en una muebler\u00eda y una estaci\u00f3n de carburante, e incendiada una tienda de la popular cadena Oxxo y hubo un intento frustrado por quemar un supermercado de la red estadounidense Wal-Mart, que sembraron el p\u00e1nico entre la poblaci\u00f3n.<br \/>\nEn el estado norte\u00f1o de Sonora, frontera con Estados Unidos, un enfrentamiento entre dos grupos antag\u00f3nicos ocurri\u00f3 el viernes pasado y el s\u00e1bado fueron hallados una decena de cuerpos con huellas de violencia, abandonados en la ruta entre Caborca y Sonoyta, cerca de la cabecera municipal de la primera ciudad.<br \/>\nLos des\u00f3rdenes en Guanajuato se produjeron despu\u00e9s de que fuerzas del orden lanzaron una operaci\u00f3n contra miembros de la banda criminal conocida como C\u00e1rtel de Santa Rosa de Lima, que mantiene una encarnizada disputa con el Cartel Jalisco Nueva Generaci\u00f3n, logrando la captura de 26 de sus miembros.<br \/>\nAdem\u00e1s, elementos de la polic\u00eda del estado con apoyo del Ej\u00e9rcito y la Guardia Nacional lograron confiscar armas de fuego, municiones y veh\u00edculos, seg\u00fan un parte oficial difundido por Alvar Cabeza de Vaca, secretario de Seguridad P\u00fablica de Guanajuato.<br \/>\nEn Celaya, hubo bloqueos con veh\u00edculos incendiados en distintos puntos, as\u00ed como en rutas de las vecinas ciudades de Salamanca, Apaseo El Alto, Juventino Rosas y Villagr\u00e1n, entre otros, e incendios de una tienda, una muebler\u00eda y un supermercado.<br \/>\nFuerzas federales llevaron a cabo una serie de allanamientos despu\u00e9s de que se reportaron enfrentamientos entre miembros del C\u00e1rtel de Santa Rosa y elementos de una banda rival.<br \/>\nAdem\u00e1s se supo que en Celaya un grupo de hombres armados hizo estallar una granada en un comercio de reparaci\u00f3n de gomas de neum\u00e1ticos, cerca del centro hist\u00f3rico y en una estaci\u00f3n de gasolina y logr\u00f3 la detenci\u00f3n de 15 personas.<br \/>\nEl caos se apoder\u00f3 de Celaya al anochecer del s\u00e1bado y la gente se atrincher\u00f3 en sus viviendas ante el temor de salir a la calle y quedar atrapado por el fuego cruzado, justo cuando la larga cuarentena establecida por las autoridades est\u00e1 por concluir y comienza la desescalada.<br \/>\nSe cree que la violencia se deriv\u00f3 de una disputa entre en Cartel de Jalisco Nueva Generaci\u00f3n y Los Marros (una facci\u00f3n disidente surgida del C\u00e1rtel de Santa Rosa de Lima).<br \/>\nEn total, seg\u00fan reportes de la prensa local, se registraron 37 bloqueos que intentaron impedir el tr\u00e1nsito de los convoyes de la fuerza p\u00fablica, que despleg\u00f3 a 1.500 miembros de las Fuerzas Armadas y a 800 de la Guardia Nacional.<br \/>\nEn Sonora, cerca de la frontera con Estados Unidos, los cuerpos hallados cerca de Caborca ten\u00edan las manos atadas y otros el torso desnudo y no llevaban zapatos.<br \/>\nTestigos dijeron que cerca de la medianoche del viernes, un convoy de 10 camionetas con un n\u00famero indeterminado de hombres armados irrumpi\u00f3 en la zona y dispar\u00f3 contra varias viviendas y veh\u00edculos, despu\u00e9s de incendiar una estaci\u00f3n de gasolina.<br \/>\nElementos de la Secretar\u00eda de Seguridad P\u00fablica de Sonora realizaron intensos recorridos despu\u00e9s del hallazgo de los cuerpos y el tiroteo, pero no pudo detener a los autores de la masacre.<br \/>\nM\u00e9xico afronta la m\u00e1s larga noche de violencia de su historia reciente que dura ya casi 14 a\u00f1os despu\u00e9s de que en diciembre de 2006 el gobierno lanz\u00f3 una ofensiva con apoyo de las Fuerzas Armadas contra los principales grupos criminales, que arroja hasta ahora casi 300.000 muertos y m\u00e1s de 60.000 desparecidos.<br \/>\nEl actual presidente Andr\u00e9s L\u00f3pez Obrador prometi\u00f3 frenar esta espiral sangrienta y desmilitarizar la lucha contra el crimen pero hasta ahora no ha logrado resultados efectivos.<br \/>\nMientras tanto, la participaci\u00f3n del Ej\u00e9rcito y la Marina en la ofensiva contra las bandas delincuenciales se ha acentuado, en medio de constantes cr\u00edticas de organizaciones de derechos humanos, nacionales y extranjeras.<\/p>\n","protected":false},"excerpt":{"rendered":"<p>&nbsp; En el norte y centro del pa\u00eds campea violencia en las calles CIUDAD DE MEXICO, 21 JUN &#8211; La pandemia, que a\u00fan no da&hellip;<\/p>\n","protected":false},"author":99,"featured_media":0,"comment_status":"open","ping_status":"open","sticky":false,"template":"","format":"standard","meta":{"footnotes":""},"categories":[23],"tags":[],"class_list":["post-492271","post","type-post","status-publish","format-standard","hentry","category-latinoamerica"],"_links":{"self":[{"href":"https:\/\/diarioelpopular.com\/index.php\/wp-json\/wp\/v2\/posts\/492271","targetHints":{"allow":["GET"]}}],"collection":[{"href":"https:\/\/diarioelpopular.com\/index.php\/wp-json\/wp\/v2\/posts"}],"about":[{"href":"https:\/\/diarioelpopular.com\/index.php\/wp-json\/wp\/v2\/types\/post"}],"author":[{"embeddable":true,"href":"https:\/\/diarioelpopular.com\/index.php\/wp-json\/wp\/v2\/users\/99"}],"replies":[{"embeddable":true,"href":"https:\/\/diarioelpopular.com\/index.php\/wp-json\/wp\/v2\/comments?post=492271"}],"version-history":[{"count":1,"href":"https:\/\/diarioelpopular.com\/index.php\/wp-json\/wp\/v2\/posts\/492271\/revisions"}],"predecessor-version":[{"id":492273,"href":"https:\/\/diarioelpopular.com\/index.php\/wp-json\/wp\/v2\/posts\/492271\/revisions\/492273"}],"wp:attachment":[{"href":"https:\/\/diarioelpopular.com\/index.php\/wp-json\/wp\/v2\/media?parent=492271"}],"wp:term":[{"taxonomy":"category","embeddable":true,"href":"https:\/\/diarioelpopular.com\/index.php\/wp-json\/wp\/v2\/categories?post=492271"},{"taxonomy":"post_tag","embeddable":true,"href":"https:\/\/diarioelpopular.com\/index.php\/wp-json\/wp\/v2\/tags?post=492271"}],"curies":[{"name":"wp","href":"https:\/\/api.w.org\/{rel}","templated":true}]}}