{"id":492292,"date":"2020-06-23T10:24:59","date_gmt":"2020-06-23T14:24:59","guid":{"rendered":"https:\/\/diarioelpopular.com\/?p=492292"},"modified":"2020-06-23T10:24:59","modified_gmt":"2020-06-23T14:24:59","slug":"bolivia-elecciones-entre-muertes","status":"publish","type":"post","link":"https:\/\/diarioelpopular.com\/index.php\/2020\/06\/23\/bolivia-elecciones-entre-muertes\/","title":{"rendered":"Bolivia, elecciones entre muertes"},"content":{"rendered":"<div id=\"attachment_492293\" style=\"width: 160px\" class=\"wp-caption alignnone\"><img loading=\"lazy\" decoding=\"async\" aria-describedby=\"caption-attachment-492293\" class=\"size-thumbnail wp-image-492293\" src=\"https:\/\/diarioelpopular.com\/wp-content\/uploads\/2020\/06\/71e60884c78ba19172588cd4f15e636d-150x150.jpg\" alt=\"\" width=\"150\" height=\"150\" \/><p id=\"caption-attachment-492293\" class=\"wp-caption-text\"><em>Bolivia, elecciones entre muertes (foto: EPA)<\/em><\/p><\/div>\n<p>&nbsp;<\/p>\n<h4><em><strong>Pol\u00e9mico llamado a las urnas, desatinos y peleas pol\u00edticas<\/strong><\/em><\/h4>\n<p>&nbsp;<\/p>\n<p><em><strong>LA PAZ, 22 JUN &#8211;<\/strong> <\/em>La clase pol\u00edtica boliviana se trenz\u00f3 este martes en una vehemente pugna, luego de que la presidenta interina Jeanine A\u00f1ez anunciara el 6 de septiembre como la fecha para las elecciones generales, mientras el pa\u00eds soporta el peor momento de la pandemia de Covid-19 y se registran m\u00e1s decesos en las calles.<br \/>\nEl expresidente Evo Morales, jefe de campa\u00f1a del Movimiento Al Socialismo (MAS), pidi\u00f3 al Gobierno garantizar unos comicios limpios y transparentes. (&#8230;igual a los que \u00e9l realiz\u00f3&#8230;)<br \/>\nEn tanto, el candidato por el frente Creemos, Luis Fernando Camacho, calific\u00f3 a la presidenta A\u00f1ez de &#8220;irresponsable&#8221;y &#8220;cobarde&#8221;, y la acus\u00f3, como a Luis Arce (postulante presidencial por el MAS), a Carlos Mesa (candidato de Comunidad Ciudadana) y a Morales, de llevar a la poblaci\u00f3n a un &#8220;suicidio masivo&#8221;.<br \/>\n&#8220;Corresponde, ahora, a los \u00f3rganos del Estado garantizar elecciones limpias y transparentes, preservando la salud y el derecho a una participaci\u00f3n sin persecuciones pol\u00edticas. Que sea el pueblo el que defina democr\u00e1ticamente el destino de nuestra querida Bolivia&#8221;, escribi\u00f3 Morales en Twitter.<br \/>\n&#8220;Posiblemente no podamos ni ir a las urnas&#8221; en septiembre debido a la crisis sanitaria generada por el nuevo coronavirus, afirm\u00f3 hoy el jefe nacional de Epidemiolog\u00eda del ministerio de Salud, Virgilio Prieto.<br \/>\nEl funcionario consider\u00f3 que la agenda electoral debe estar marcada por la pandemia y remarc\u00f3 que &#8220;en la medida que se la pueda controlar&#8221; habr\u00e1 posibilidades de ir a votar. Virgilio pronostic\u00f3 un posible colapso de los centros de salud del pa\u00eds, como ya lo han hecho varias autoridades regionales.<br \/>\n&#8220;En este momento hay que pensar en la gente que est\u00e1 muriendo, que est\u00e1 enfermando, hago un llamado a mi pa\u00eds, a toda la poblaci\u00f3n. Se est\u00e1 muriendo la gente, no va a haber espacios en los hospitales&#8221;, advirti\u00f3.<br \/>\nJustamente, Santa Cruz amaneci\u00f3 hoy con sus calles anegadas tras una lluvia torrencial, y en medio del aluvi\u00f3n vecinos hallaron el cad\u00e1ver de una persona, que presuntamente falleci\u00f3 por Covid-19.<br \/>\nBolivia se enfilaba hoy a hacia las 800 muertes totales por SARS-CoV-2, mientras que los infectados ya superaban los 24.300 casos, con el sistema de salud en derrumbe y desbordado, sobre todo en Santa Cruz de la Sierra, con casi el 68% de los casos de todo el pa\u00eds.<br \/>\nNo es la primera vez que ocurre, al menos una decena de enfermos perdieron la vida en la v\u00eda p\u00fablica al estar los hospitales colapsados y en muchos casos hasta con falta de ox\u00edgeno, y tras deambular por centros de salud sin recibir asistencia cayeron en las calles.<br \/>\nA\u00f1ez promulg\u00f3 este domingo por la noche la ley que convoca a elecciones generales el pr\u00f3ximo 6 de septiembre, en medio de cr\u00edticas y presiones por su reticencia a que se realizaran los comicios durante la pandemia de coronavirus.<br \/>\n&#8220;He recibido presiones exigiendo elecciones el 6 de septiembre, es decir, en plena pandemia. Tengo un pa\u00eds sufriendo y a muchos pol\u00edticos y autoridades exigiendo elecciones lo antes posible&#8221;, dijo la mandataria en un mensaje grabado.<br \/>\nLos comicios, inicialmente programados para el pasado 3 de mayo, fueron diferidos por la crisis sanitaria y un acuerdo entre la mayor\u00eda opositora del parlamento, el Tribunal Supremo Electoral y los partidos que intervendr\u00e1n en los comicios, defini\u00f3 posteriormente el 6 de septiembre como nueva fecha.<\/p>\n","protected":false},"excerpt":{"rendered":"<p>&nbsp; Pol\u00e9mico llamado a las urnas, desatinos y peleas pol\u00edticas &nbsp; LA PAZ, 22 JUN &#8211; La clase pol\u00edtica boliviana se trenz\u00f3 este martes en&hellip;<\/p>\n","protected":false},"author":99,"featured_media":0,"comment_status":"open","ping_status":"open","sticky":false,"template":"","format":"standard","meta":{"footnotes":""},"categories":[23],"tags":[],"class_list":["post-492292","post","type-post","status-publish","format-standard","hentry","category-latinoamerica"],"_links":{"self":[{"href":"https:\/\/diarioelpopular.com\/index.php\/wp-json\/wp\/v2\/posts\/492292","targetHints":{"allow":["GET"]}}],"collection":[{"href":"https:\/\/diarioelpopular.com\/index.php\/wp-json\/wp\/v2\/posts"}],"about":[{"href":"https:\/\/diarioelpopular.com\/index.php\/wp-json\/wp\/v2\/types\/post"}],"author":[{"embeddable":true,"href":"https:\/\/diarioelpopular.com\/index.php\/wp-json\/wp\/v2\/users\/99"}],"replies":[{"embeddable":true,"href":"https:\/\/diarioelpopular.com\/index.php\/wp-json\/wp\/v2\/comments?post=492292"}],"version-history":[{"count":1,"href":"https:\/\/diarioelpopular.com\/index.php\/wp-json\/wp\/v2\/posts\/492292\/revisions"}],"predecessor-version":[{"id":492294,"href":"https:\/\/diarioelpopular.com\/index.php\/wp-json\/wp\/v2\/posts\/492292\/revisions\/492294"}],"wp:attachment":[{"href":"https:\/\/diarioelpopular.com\/index.php\/wp-json\/wp\/v2\/media?parent=492292"}],"wp:term":[{"taxonomy":"category","embeddable":true,"href":"https:\/\/diarioelpopular.com\/index.php\/wp-json\/wp\/v2\/categories?post=492292"},{"taxonomy":"post_tag","embeddable":true,"href":"https:\/\/diarioelpopular.com\/index.php\/wp-json\/wp\/v2\/tags?post=492292"}],"curies":[{"name":"wp","href":"https:\/\/api.w.org\/{rel}","templated":true}]}}