{"id":492307,"date":"2020-06-23T17:30:40","date_gmt":"2020-06-23T21:30:40","guid":{"rendered":"https:\/\/diarioelpopular.com\/?p=492307"},"modified":"2020-06-23T17:30:40","modified_gmt":"2020-06-23T21:30:40","slug":"mas-de-2-millones-contagios-en-america-latina","status":"publish","type":"post","link":"https:\/\/diarioelpopular.com\/index.php\/2020\/06\/23\/mas-de-2-millones-contagios-en-america-latina\/","title":{"rendered":"M\u00e1s de 2 millones contagios en Am\u00e9rica Latina"},"content":{"rendered":"<div id=\"attachment_492308\" style=\"width: 160px\" class=\"wp-caption alignnone\"><img loading=\"lazy\" decoding=\"async\" aria-describedby=\"caption-attachment-492308\" class=\"size-thumbnail wp-image-492308\" src=\"https:\/\/diarioelpopular.com\/wp-content\/uploads\/2020\/06\/057bd1945c2abf21fe2aa980a900507f-150x150.jpg\" alt=\"\" width=\"150\" height=\"150\" \/><p id=\"caption-attachment-492308\" class=\"wp-caption-text\"><em>Coronavirus en Am\u00e9rica Latina (foto: AFP)<\/em><\/p><\/div>\n<p>&nbsp;<\/p>\n<h4><em><strong>Brasil, el segundo pa\u00eds m\u00e1s afectado del mundo<\/strong><\/em><\/h4>\n<p>&nbsp;<\/p>\n<p><em><strong>BUENOS AIRES, 22 JUN<\/strong> <\/em>&#8211; La curva de la pandemia de coronavirus se eleva cada vez m\u00e1s en Am\u00e9rica Latina, si bien desde hace dos d\u00edas los porcentajes de crecimiento de los contagios (2.090.751, + 39.714) y de muertos (97.544 +1.820) est\u00e1n en la parte baja del promedio. As\u00ed lo indica una estad\u00edstica elaborada hoy por ANSA en base a los datos oficiales de 34 pa\u00edses y territorios latinoamericanos. Los datos que llegan desde Brasil sugieren una estabilizaci\u00f3n de la tendencia: se trata del segundo pa\u00eds m\u00e1s afectado del mundo, despu\u00e9s de Estados Unidos, donde en las \u00faltimas 24 horas los contagios llegaron a 1.106.470 (+21.432), de los cuales 51.271 (+654) murieron.<br \/>\nLe siguen M\u00e9xico (con 185.122 contagios y 22.584 muertos), donde las medidas adoptadas no parecen suficientes para contener la pandemia; Colombia (71.183 contagios y 2.310 muertos); Ecuador; Argentina y Rep\u00fablica Dominicana.<\/p>\n","protected":false},"excerpt":{"rendered":"<p>&nbsp; Brasil, el segundo pa\u00eds m\u00e1s afectado del mundo &nbsp; BUENOS AIRES, 22 JUN &#8211; La curva de la pandemia de coronavirus se eleva cada&hellip;<\/p>\n","protected":false},"author":99,"featured_media":0,"comment_status":"open","ping_status":"open","sticky":false,"template":"","format":"standard","meta":{"footnotes":""},"categories":[23],"tags":[],"class_list":["post-492307","post","type-post","status-publish","format-standard","hentry","category-latinoamerica"],"_links":{"self":[{"href":"https:\/\/diarioelpopular.com\/index.php\/wp-json\/wp\/v2\/posts\/492307","targetHints":{"allow":["GET"]}}],"collection":[{"href":"https:\/\/diarioelpopular.com\/index.php\/wp-json\/wp\/v2\/posts"}],"about":[{"href":"https:\/\/diarioelpopular.com\/index.php\/wp-json\/wp\/v2\/types\/post"}],"author":[{"embeddable":true,"href":"https:\/\/diarioelpopular.com\/index.php\/wp-json\/wp\/v2\/users\/99"}],"replies":[{"embeddable":true,"href":"https:\/\/diarioelpopular.com\/index.php\/wp-json\/wp\/v2\/comments?post=492307"}],"version-history":[{"count":1,"href":"https:\/\/diarioelpopular.com\/index.php\/wp-json\/wp\/v2\/posts\/492307\/revisions"}],"predecessor-version":[{"id":492309,"href":"https:\/\/diarioelpopular.com\/index.php\/wp-json\/wp\/v2\/posts\/492307\/revisions\/492309"}],"wp:attachment":[{"href":"https:\/\/diarioelpopular.com\/index.php\/wp-json\/wp\/v2\/media?parent=492307"}],"wp:term":[{"taxonomy":"category","embeddable":true,"href":"https:\/\/diarioelpopular.com\/index.php\/wp-json\/wp\/v2\/categories?post=492307"},{"taxonomy":"post_tag","embeddable":true,"href":"https:\/\/diarioelpopular.com\/index.php\/wp-json\/wp\/v2\/tags?post=492307"}],"curies":[{"name":"wp","href":"https:\/\/api.w.org\/{rel}","templated":true}]}}