{"id":492311,"date":"2020-06-24T09:48:31","date_gmt":"2020-06-24T13:48:31","guid":{"rendered":"https:\/\/diarioelpopular.com\/?p=492311"},"modified":"2020-06-24T09:48:31","modified_gmt":"2020-06-24T13:48:31","slug":"acusan-a-maduro-de-mentir-sobre-el-virus","status":"publish","type":"post","link":"https:\/\/diarioelpopular.com\/index.php\/2020\/06\/24\/acusan-a-maduro-de-mentir-sobre-el-virus\/","title":{"rendered":"Acusan a Maduro de mentir sobre el virus"},"content":{"rendered":"<div id=\"attachment_492312\" style=\"width: 160px\" class=\"wp-caption alignnone\"><img loading=\"lazy\" decoding=\"async\" aria-describedby=\"caption-attachment-492312\" class=\"size-thumbnail wp-image-492312\" src=\"https:\/\/diarioelpopular.com\/wp-content\/uploads\/2020\/06\/e7a223d08d51680e425c3afdb26e9829-150x150.jpg\" alt=\"\" width=\"150\" height=\"150\" \/><p id=\"caption-attachment-492312\" class=\"wp-caption-text\"><em>Acusan a Maduro de mentir sobre el virus en Venezuela (foto: EPA)<\/em><\/p><\/div>\n<p>&nbsp;<\/p>\n<p><em><strong>CARACAS, 24 JUN &#8211;<\/strong><\/em> La opositora Asamblea Nacional advirti\u00f3 que Venezuela se encuentra en el epicentro de la pandemia del Covid-19, y acus\u00f3 al r\u00e9gimen de Nicol\u00e1s Maduro de mentir con respecto al n\u00famero de personas infectadas y muertos registrados por el coronavirus en el pa\u00eds.<br \/>\n&#8220;No podemos seguir creyendo de que esto est\u00e1 bien. Esto sigue mal porque los chinos mienten igual que el r\u00e9gimen de Venezuela&#8221;, alert\u00f3 el diputado Jos\u00e9 Trujillo durante el plenario virtual de este martes.<br \/>\nDurante su intervenci\u00f3n en el debate sobre la situaci\u00f3n del Covid-19 y la radicalizaci\u00f3n de la cuarentena ordenada por Maduro tras el rebrote del virus que ha dejado m\u00e1s de 4.000 casos y 35 muertos, destac\u00f3 que &#8220;en Brasil hay 56 mil casos, en Colombia 18 mil, Panam\u00e1 17 mil y en las islas del Caribe hay muchos m\u00e1s casos que en Venezuela&#8221;.<br \/>\n&#8220;Eso nos dice que estamos en pleno epicentro de la pandemia&#8221;, afirm\u00f3.<br \/>\nIndic\u00f3 que &#8220;las mentiras&#8221; del r\u00e9gimen se van a empezar a demostrar, y cit\u00f3 lo que ocurre en el Estado Zulia (oeste), donde el gobernador chavista Omar Prieto report\u00f3 el domingo 800 casos solo en dos municipios de esta entidad fronteriza con Colombia.<br \/>\nAsimismo, dijo que esto ocurre con los casos de fallecidos, &#8220;solo que en el acta de defunci\u00f3n le cambian la causa de muerte&#8221;.<br \/>\n&#8220;Esto no solamente est\u00e1 atacando a los estados fronterizos, est\u00e1 atacando a Caracas, Mirada, Nueva Esparta, Lara, Falc\u00f3n, Aragua, estados que no son fronterizos. Eso quiere decir que ya la pandemia est\u00e1 en todo el territorio y nadie se va a escapar a ella&#8221;, advirti\u00f3.<br \/>\nEn este sentido sostuvo que nunca se debi\u00f3 flexibilizar la cuarentena, porque el pa\u00eds &#8220;no tiene los requisitos y el principal de ellos, es contar con un sistema de salud adecuado y no lo tenemos&#8221;.<br \/>\n&#8220;No porque lo digamos nosotros, sino porque las Naciones Unidas dijo que en Venezuela hay una crisis humanitaria compleja, eso es suficiente para no entrar en flexibilizaci\u00f3n&#8221;, asever\u00f3.<br \/>\nExplic\u00f3 que para flexibilizar habr\u00eda que estar 15 d\u00edas consecutivos bajando la incidencia de los casos, &#8220;y en el pa\u00eds ocurre todo lo contrario, en 15 d\u00edas aumentan cada vez m\u00e1s&#8221;.<br \/>\nAsimismo, dijo que se debe contar con &#8220;cantidades importantes de las pruebas PCR, tener control de agua para la medida de lavarse las manos y por supuesto el control de las fronteras que tampoco podemos tener&#8221;.<br \/>\n&#8220;Mientras no ocurra un Gobierno de Emergencia Nacional esta crisis se va a agravar cada d\u00eda que el r\u00e9gimen permanezca en el Estado, y eso los vamos a demostrar en casos y en fallecidos&#8221;, asever\u00f3.<br \/>\nA su vez su colega Edwin Luzardo, calific\u00f3 de &#8220;atroz&#8221; el tratamiento que el r\u00e9gimen les da a los pacientes &#8220;confirmados y bajo sospecha&#8221; en la misma entidad petrolera.<br \/>\n&#8220;Todos est\u00e1n siendo confinados a 25 hoteles y no tienen la atenci\u00f3n debida&#8221;, fustig\u00f3.<br \/>\nAdem\u00e1s, exigi\u00f3 que no debe seguir la centralizaci\u00f3n de los ex\u00e1menes para la confirmaci\u00f3n del virus en Caracas &#8220;porque tardan mucho y lo que se logra es la expansi\u00f3n del Covid-19 como est\u00e1 sucediendo en el Zulia&#8221;.<br \/>\nEl gobierno de Maduro alert\u00f3 en la v\u00edspera que el foco del mercado de las Pulgas, en la ciudad de Maracaibo, capital del Zulia es hasta ahora el m\u00e1s importante que registra el pa\u00eds.<br \/>\nAdem\u00e1s, dijo que los casos &#8220;importados&#8221; provenientes de Colombia, Brasil, Per\u00fa, Ecuador, y Chile, est\u00e1n impactando la situaci\u00f3n de Covid-19 en esta naci\u00f3n sudamericana, que se mantiene en cuarentena desde el pasado 16 de marzo.<\/p>\n","protected":false},"excerpt":{"rendered":"<p>&nbsp; CARACAS, 24 JUN &#8211; La opositora Asamblea Nacional advirti\u00f3 que Venezuela se encuentra en el epicentro de la pandemia del Covid-19, y acus\u00f3 al&hellip;<\/p>\n","protected":false},"author":99,"featured_media":0,"comment_status":"open","ping_status":"open","sticky":false,"template":"","format":"standard","meta":{"footnotes":""},"categories":[23],"tags":[],"class_list":["post-492311","post","type-post","status-publish","format-standard","hentry","category-latinoamerica"],"_links":{"self":[{"href":"https:\/\/diarioelpopular.com\/index.php\/wp-json\/wp\/v2\/posts\/492311","targetHints":{"allow":["GET"]}}],"collection":[{"href":"https:\/\/diarioelpopular.com\/index.php\/wp-json\/wp\/v2\/posts"}],"about":[{"href":"https:\/\/diarioelpopular.com\/index.php\/wp-json\/wp\/v2\/types\/post"}],"author":[{"embeddable":true,"href":"https:\/\/diarioelpopular.com\/index.php\/wp-json\/wp\/v2\/users\/99"}],"replies":[{"embeddable":true,"href":"https:\/\/diarioelpopular.com\/index.php\/wp-json\/wp\/v2\/comments?post=492311"}],"version-history":[{"count":1,"href":"https:\/\/diarioelpopular.com\/index.php\/wp-json\/wp\/v2\/posts\/492311\/revisions"}],"predecessor-version":[{"id":492313,"href":"https:\/\/diarioelpopular.com\/index.php\/wp-json\/wp\/v2\/posts\/492311\/revisions\/492313"}],"wp:attachment":[{"href":"https:\/\/diarioelpopular.com\/index.php\/wp-json\/wp\/v2\/media?parent=492311"}],"wp:term":[{"taxonomy":"category","embeddable":true,"href":"https:\/\/diarioelpopular.com\/index.php\/wp-json\/wp\/v2\/categories?post=492311"},{"taxonomy":"post_tag","embeddable":true,"href":"https:\/\/diarioelpopular.com\/index.php\/wp-json\/wp\/v2\/tags?post=492311"}],"curies":[{"name":"wp","href":"https:\/\/api.w.org\/{rel}","templated":true}]}}