{"id":492318,"date":"2020-06-24T10:02:12","date_gmt":"2020-06-24T14:02:12","guid":{"rendered":"https:\/\/diarioelpopular.com\/?p=492318"},"modified":"2020-06-24T10:02:12","modified_gmt":"2020-06-24T14:02:12","slug":"criticas-a-diego-maradona-por-video-en-el-que-se-baja-los-pantalones","status":"publish","type":"post","link":"https:\/\/diarioelpopular.com\/index.php\/2020\/06\/24\/criticas-a-diego-maradona-por-video-en-el-que-se-baja-los-pantalones\/","title":{"rendered":"Cr\u00edticas a Diego Maradona por video en el que se baja los pantalones"},"content":{"rendered":"<section class=\"intro\">\n<div class=\"titular\">\n<div class=\"titulo-principal-bk\">\n<div id=\"attachment_492319\" style=\"width: 310px\" class=\"wp-caption alignnone\"><img loading=\"lazy\" decoding=\"async\" aria-describedby=\"caption-attachment-492319\" class=\"size-medium wp-image-492319\" src=\"https:\/\/diarioelpopular.com\/wp-content\/uploads\/2020\/06\/unnamed-300x187.jpg\" alt=\"\" width=\"300\" height=\"187\" \/><p id=\"caption-attachment-492319\" class=\"wp-caption-text\"><em>Diego Maradona, t\u00e9cnico de Gimnasia.<\/em><\/p><\/div>\n<p>&nbsp;<\/p>\n<\/div>\n<\/div>\n<div class=\"lead\">\n<h4 id=\"p510190-m437-436-438\" class=\"info\"><em><strong>Una de las hijas del argentino se mostr\u00f3 afectada por el hecho<\/strong><\/em><\/h4>\n<\/div>\n<p id=\"p510190-m475-474-476\" class=\"contenido\">D<a href=\"https:\/\/www.eltiempo.com\/noticias\/diego-maradona\" target=\"_blank\" rel=\"noopener\">iego Maradona<\/a>\u00a0vuelve a estar en el centro de la pol\u00e9mica, esta vez por un video en el que se le ve bailando con Ver\u00f3nica Ojeda, madre de uno de sus hijos, y en el que est\u00e1 en aparente estado de embriaguez.<\/p>\n<p>Al final del clip, el <a href=\"https:\/\/www.eltiempo.com\/deportes\" target=\"_blank\" rel=\"noopener\">exfutbolista argentino <\/a>y actual director t\u00e9cnico se baja los pantalones y queda desnudo.<\/p>\n<p>El material se divulg\u00f3 por <a href=\"https:\/\/www.eltiempo.com\/tecnosfera\" target=\"_blank\" rel=\"noopener\">WhatsApp<\/a>, seg\u00fan el diario <a href=\"https:\/\/www.lanacion.com.co\/\" target=\"_blank\" rel=\"noopener\">&#8216;La Naci\u00f3n&#8217;<\/a>, y no ser\u00eda reciente. Aun as\u00ed, varias personas se han pronunciado al respecto, entre ellas su hija\u00a0Gianinna.<\/p>\n<p id=\"p510190-m519-2-520\" class=\"contenido\">&#8220;Vi el video y pude hablar con Benja (su hijo y nieto de Maradona) de la existencia del mismo. Para ustedes es Maradona, para m\u00ed es un video de mi pap\u00e1. Para ustedes puede ser una sorpresa, una gracia, una burla\u2026 para m\u00ed no. Para m\u00ed es reabrir heridas, es una tristeza enorme verlo as\u00ed, nadie sabe qu\u00e9 es lo que vivimos y agradezco que as\u00ed sea porque es mi forma de preservarlo&#8221;, escribi\u00f3 la joven.<\/p>\n<p><img loading=\"lazy\" decoding=\"async\" class=\"alignnone size-medium wp-image-492320\" src=\"https:\/\/diarioelpopular.com\/wp-content\/uploads\/2020\/06\/Screen-Shot-2020-06-24-at-9.58.49-AM-300x142.png\" alt=\"\" width=\"300\" height=\"142\" \/><\/p>\n<\/section>\n","protected":false},"excerpt":{"rendered":"<p>&nbsp; Una de las hijas del argentino se mostr\u00f3 afectada por el hecho Diego Maradona\u00a0vuelve a estar en el centro de la pol\u00e9mica, esta vez&hellip;<\/p>\n","protected":false},"author":99,"featured_media":0,"comment_status":"open","ping_status":"open","sticky":false,"template":"","format":"standard","meta":{"footnotes":""},"categories":[23],"tags":[],"class_list":["post-492318","post","type-post","status-publish","format-standard","hentry","category-latinoamerica"],"_links":{"self":[{"href":"https:\/\/diarioelpopular.com\/index.php\/wp-json\/wp\/v2\/posts\/492318","targetHints":{"allow":["GET"]}}],"collection":[{"href":"https:\/\/diarioelpopular.com\/index.php\/wp-json\/wp\/v2\/posts"}],"about":[{"href":"https:\/\/diarioelpopular.com\/index.php\/wp-json\/wp\/v2\/types\/post"}],"author":[{"embeddable":true,"href":"https:\/\/diarioelpopular.com\/index.php\/wp-json\/wp\/v2\/users\/99"}],"replies":[{"embeddable":true,"href":"https:\/\/diarioelpopular.com\/index.php\/wp-json\/wp\/v2\/comments?post=492318"}],"version-history":[{"count":1,"href":"https:\/\/diarioelpopular.com\/index.php\/wp-json\/wp\/v2\/posts\/492318\/revisions"}],"predecessor-version":[{"id":492321,"href":"https:\/\/diarioelpopular.com\/index.php\/wp-json\/wp\/v2\/posts\/492318\/revisions\/492321"}],"wp:attachment":[{"href":"https:\/\/diarioelpopular.com\/index.php\/wp-json\/wp\/v2\/media?parent=492318"}],"wp:term":[{"taxonomy":"category","embeddable":true,"href":"https:\/\/diarioelpopular.com\/index.php\/wp-json\/wp\/v2\/categories?post=492318"},{"taxonomy":"post_tag","embeddable":true,"href":"https:\/\/diarioelpopular.com\/index.php\/wp-json\/wp\/v2\/tags?post=492318"}],"curies":[{"name":"wp","href":"https:\/\/api.w.org\/{rel}","templated":true}]}}