{"id":492351,"date":"2020-06-25T11:35:27","date_gmt":"2020-06-25T15:35:27","guid":{"rendered":"https:\/\/diarioelpopular.com\/?p=492351"},"modified":"2020-06-25T11:35:27","modified_gmt":"2020-06-25T15:35:27","slug":"mas-de-la-mitad-de-chile-en-confinamiento","status":"publish","type":"post","link":"https:\/\/diarioelpopular.com\/index.php\/2020\/06\/25\/mas-de-la-mitad-de-chile-en-confinamiento\/","title":{"rendered":"M\u00e1s de la mitad de Chile en confinamiento"},"content":{"rendered":"<div id=\"attachment_492352\" style=\"width: 310px\" class=\"wp-caption alignnone\"><img loading=\"lazy\" decoding=\"async\" aria-describedby=\"caption-attachment-492352\" class=\"size-medium wp-image-492352\" src=\"https:\/\/diarioelpopular.com\/wp-content\/uploads\/2020\/06\/fc0ec50989323a9cf668d5529a600ee6-300x200.jpg\" alt=\"\" width=\"300\" height=\"200\" \/><p id=\"caption-attachment-492352\" class=\"wp-caption-text\"><em>M\u00e1s de la mitad de Chile en confinamiento (foto: EPA)<\/em><\/p><\/div>\n<p>&nbsp;<\/p>\n<h4><em><strong>Aunque se observ\u00f3 leve baja de contagios en \u00faltimos cuatro d\u00edas<\/strong><\/em><\/h4>\n<p>&nbsp;<\/p>\n<p><em><strong>SANTIAGO DE CHILE, 25 JUN &#8211;<\/strong><\/em> Chile anunci\u00f3 este jueves que otras cinco comunas entrar\u00e1n en cuarentena, con lo cual el 54% del pa\u00eds quedar\u00e1 en confinamiento desde este viernes.<br \/>\nSe trata de las comunas &#8220;dormitorios&#8221; El Monte, Talagante, Calera de Tango, de la regi\u00f3n Metropolitana; Quillota del Gran Valpara\u00edso, y Graneros, de la regi\u00f3n de O&#8217;Higgins, ambas aleda\u00f1as a la capital chilena.<br \/>\nCon esta nueva ampliaci\u00f3n, y sumado a las personas que actualmente se encuentran en cuarentena, el total de la poblaci\u00f3n confinada llega a 10.515.468.<br \/>\nLa medida se adopt\u00f3 pese a que por cuarto d\u00eda se observa una disminuci\u00f3n en el n\u00famero de contagios.<br \/>\nPara el ministro de Salud, Enrique Paris, hay una &#8220;peque\u00f1a y muy leve mejor\u00eda en algunas comunas&#8221; pero &#8220;seguimos preocupados y vamos a seguir luchando&#8221;.<br \/>\nEl 21 de junio se inform\u00f3 de 5.607 nuevos pacientes de Covid-19; el 22 de junio 4.608; el 23 de junio 3.804 y hoy 24 de junio 3.640. &#8220;Esto no es para cantar victoria; es una muy leve mejor\u00eda&#8221; y mencion\u00f3 que &#8220;seguimos teniendo problemas muy graves en la regi\u00f3n de Antofagasta, O&#8217;Higgins. La Metropolitana sigue teniendo una tasa alta de incidencia. Pero hay regiones que s\u00ed pueden responder y lograr bajar la tasa de incidencia&#8221;, recalc\u00f3 Paris.<br \/>\nInsisti\u00f3 en que &#8220;es una se\u00f1al muy incipiente. Y como no estamos totalmente seguros de que vaya a seguir esta l\u00ednea, hemos reforzado la contenci\u00f3n e incluido nuevas comunas en cuarentena, que est\u00e1n relacionadas con las regiones que han tenido menos avances o avances nulos&#8221;, justific\u00f3.<br \/>\nAbund\u00f3 en que &#8220;no hay todav\u00eda optimismo ni nada que nos diga que estamos derrotando al virus&#8221;.<br \/>\nConsultado por el articulo del Washington Post que calific\u00f3 la estrategia chilena contra el coronavirus de &#8220;ca\u00f3tica&#8221;, Paris respondi\u00f3: &#8220;si hemos cometido errores, los vamos a tratar con mucha fuerza de corregir&#8221;.<br \/>\nEl peri\u00f3dico estadounidense afirm\u00f3 que &#8220;no fue hace tanto tiempo que el presidente chileno, Sebasti\u00e1n Pi\u00f1era, se jact\u00f3 de que el pa\u00eds estaba listo para el coronavirus. &#8216;Mucho mejor preparado que Italia&#8217;, expres\u00f3 en marzo&#8221;, cit\u00f3 en el texto para luego recordar las cifras actuales de la pandemia que ubican al pa\u00eds como el octavo en el mundo con m\u00e1s casos.<br \/>\nParis se\u00f1al\u00f3 que &#8220;el art\u00edculo hace hincapi\u00e9 en lo mismo que yo he dicho y lo digo ahora: que hemos sido m\u00e1s fr\u00e1giles en el tema de la trazabilidad y el aislamiento. Ambos aspectos los estamos mejorando al 100%. Y hoy d\u00eda puedo decirles que la trazabilidad en general a nivel del pa\u00eds ha mejorado hasta 90%&#8221;.<br \/>\n&#8220;Sin embargo, apunt\u00f3, hay regiones como la Metropolitana en la cual la trazabilidad es de 60%, en Valpara\u00edso es del 56% y obviamente que ese tipo de cifras tenemos que mejorarlas ya que la Organizaci\u00f3n Mundial de la Salud recomienda una trazabilidad del 90%. Por lo tanto yo creo que vamos en el camino correcto&#8221;.<br \/>\nEl ministro de Salud mencion\u00f3 tambi\u00e9n que el Washington Post reconoce que &#8220;Chile es uno de los pa\u00edses que ha hecho m\u00e1s test en Latinoam\u00e9rica, hoy d\u00eda superamos el mill\u00f3n de tests&#8221;. &#8220;Y tambi\u00e9n en que la estrategia de la \u00faltima l\u00ednea, es decir ventiladores mec\u00e1nicos, c\u00e1maras de ox\u00edgeno nos ha hecho aparecer como el pa\u00eds con la letalidad m\u00e1s baja de Latinoam\u00e9rica y del mundo en general, con un 1.67% de letalidad&#8221;, se\u00f1al\u00f3 la m\u00e1xima autoridad sanitaria.<\/p>\n","protected":false},"excerpt":{"rendered":"<p>&nbsp; Aunque se observ\u00f3 leve baja de contagios en \u00faltimos cuatro d\u00edas &nbsp; SANTIAGO DE CHILE, 25 JUN &#8211; Chile anunci\u00f3 este jueves que otras&hellip;<\/p>\n","protected":false},"author":99,"featured_media":0,"comment_status":"open","ping_status":"open","sticky":false,"template":"","format":"standard","meta":{"footnotes":""},"categories":[23],"tags":[],"class_list":["post-492351","post","type-post","status-publish","format-standard","hentry","category-latinoamerica"],"_links":{"self":[{"href":"https:\/\/diarioelpopular.com\/index.php\/wp-json\/wp\/v2\/posts\/492351","targetHints":{"allow":["GET"]}}],"collection":[{"href":"https:\/\/diarioelpopular.com\/index.php\/wp-json\/wp\/v2\/posts"}],"about":[{"href":"https:\/\/diarioelpopular.com\/index.php\/wp-json\/wp\/v2\/types\/post"}],"author":[{"embeddable":true,"href":"https:\/\/diarioelpopular.com\/index.php\/wp-json\/wp\/v2\/users\/99"}],"replies":[{"embeddable":true,"href":"https:\/\/diarioelpopular.com\/index.php\/wp-json\/wp\/v2\/comments?post=492351"}],"version-history":[{"count":1,"href":"https:\/\/diarioelpopular.com\/index.php\/wp-json\/wp\/v2\/posts\/492351\/revisions"}],"predecessor-version":[{"id":492353,"href":"https:\/\/diarioelpopular.com\/index.php\/wp-json\/wp\/v2\/posts\/492351\/revisions\/492353"}],"wp:attachment":[{"href":"https:\/\/diarioelpopular.com\/index.php\/wp-json\/wp\/v2\/media?parent=492351"}],"wp:term":[{"taxonomy":"category","embeddable":true,"href":"https:\/\/diarioelpopular.com\/index.php\/wp-json\/wp\/v2\/categories?post=492351"},{"taxonomy":"post_tag","embeddable":true,"href":"https:\/\/diarioelpopular.com\/index.php\/wp-json\/wp\/v2\/tags?post=492351"}],"curies":[{"name":"wp","href":"https:\/\/api.w.org\/{rel}","templated":true}]}}