{"id":492367,"date":"2020-06-25T12:39:52","date_gmt":"2020-06-25T16:39:52","guid":{"rendered":"https:\/\/diarioelpopular.com\/?p=492367"},"modified":"2020-06-25T12:39:52","modified_gmt":"2020-06-25T16:39:52","slug":"mayo-para-el-olvido-en-la-historia-de-brasil","status":"publish","type":"post","link":"https:\/\/diarioelpopular.com\/index.php\/2020\/06\/25\/mayo-para-el-olvido-en-la-historia-de-brasil\/","title":{"rendered":"Mayo, para el olvido en la historia de Brasil"},"content":{"rendered":"<div id=\"attachment_492368\" style=\"width: 310px\" class=\"wp-caption alignnone\"><img loading=\"lazy\" decoding=\"async\" aria-describedby=\"caption-attachment-492368\" class=\"size-medium wp-image-492368\" src=\"https:\/\/diarioelpopular.com\/wp-content\/uploads\/2020\/06\/0fa70cbd005a77c598e099e46980865-300x200.jpg\" alt=\"\" width=\"300\" height=\"200\" \/><p id=\"caption-attachment-492368\" class=\"wp-caption-text\"><em>Mayo, mes para el olvido en la historia de Brasil (foto: EPA)<\/em><\/p><\/div>\n<p>&nbsp;<\/p>\n<p><em><strong>BRASILIA, 25 JUN &#8211;<\/strong><\/em> El mes de mayo de 2020 registr\u00f3 el n\u00famero m\u00e1s alto de personas fallecidas de la historia de Brasil: se trata de 123.857 casos, cifra que refleja el impacto del coronavirus.<br \/>\nEl n\u00famero de muertes registradas en mayo fue 13,1% m\u00e1s alto que el contabilizado en el mismo mes de 2019, seg\u00fan el Portal de Transparencia de la Arpen (Asociaci\u00f3n Brasile\u00f1a de Registro de Personas Naturales).<br \/>\nLa cifra de mayo de 2020 no es definitiva, porque los registros de regiones remotas del pa\u00eds, donde hay m\u00e1s de 5.500 municipios, suelen demorar en ser enviados a los centros de acopios de datos de la Arpen.<br \/>\nEn mayo perdieron la vida 24.021 personas infectadas con el coronavirus, dolencia que ya caus\u00f3 53.830 fallecimientos hasta este mi\u00e9rcoles, seg\u00fan la informaci\u00f3n de los gobiernos de los 27 estados brasile\u00f1os.<br \/>\nLa Organizaci\u00f3n Mundial de la Salud y el ministerio de Salud brasile\u00f1o informaron esta semana que la pandemia de Covid-19 a\u00fan no lleg\u00f3 a su pico.<br \/>\nHist\u00f3ricamente en Brasil el mes de julio, en pleno invierno del hemisferio sur, es el que ha tenido el n\u00famero m\u00e1s alto de personas fallecidas por causas naturales, violencia y accidentes.<br \/>\nEn julio del a\u00f1o pasado hubo 118.097 fallecimientos y en julio de 2017, el a\u00f1o m\u00e1s cr\u00edtico de los \u00faltimos tiempos, se contabilizaron 122.619, cifra superada en mayo pasado.<\/p>\n","protected":false},"excerpt":{"rendered":"<p>&nbsp; BRASILIA, 25 JUN &#8211; El mes de mayo de 2020 registr\u00f3 el n\u00famero m\u00e1s alto de personas fallecidas de la historia de Brasil: se&hellip;<\/p>\n","protected":false},"author":99,"featured_media":0,"comment_status":"open","ping_status":"open","sticky":false,"template":"","format":"standard","meta":{"footnotes":""},"categories":[23],"tags":[],"class_list":["post-492367","post","type-post","status-publish","format-standard","hentry","category-latinoamerica"],"_links":{"self":[{"href":"https:\/\/diarioelpopular.com\/index.php\/wp-json\/wp\/v2\/posts\/492367","targetHints":{"allow":["GET"]}}],"collection":[{"href":"https:\/\/diarioelpopular.com\/index.php\/wp-json\/wp\/v2\/posts"}],"about":[{"href":"https:\/\/diarioelpopular.com\/index.php\/wp-json\/wp\/v2\/types\/post"}],"author":[{"embeddable":true,"href":"https:\/\/diarioelpopular.com\/index.php\/wp-json\/wp\/v2\/users\/99"}],"replies":[{"embeddable":true,"href":"https:\/\/diarioelpopular.com\/index.php\/wp-json\/wp\/v2\/comments?post=492367"}],"version-history":[{"count":1,"href":"https:\/\/diarioelpopular.com\/index.php\/wp-json\/wp\/v2\/posts\/492367\/revisions"}],"predecessor-version":[{"id":492369,"href":"https:\/\/diarioelpopular.com\/index.php\/wp-json\/wp\/v2\/posts\/492367\/revisions\/492369"}],"wp:attachment":[{"href":"https:\/\/diarioelpopular.com\/index.php\/wp-json\/wp\/v2\/media?parent=492367"}],"wp:term":[{"taxonomy":"category","embeddable":true,"href":"https:\/\/diarioelpopular.com\/index.php\/wp-json\/wp\/v2\/categories?post=492367"},{"taxonomy":"post_tag","embeddable":true,"href":"https:\/\/diarioelpopular.com\/index.php\/wp-json\/wp\/v2\/tags?post=492367"}],"curies":[{"name":"wp","href":"https:\/\/api.w.org\/{rel}","templated":true}]}}