{"id":492379,"date":"2020-06-26T09:44:31","date_gmt":"2020-06-26T13:44:31","guid":{"rendered":"https:\/\/diarioelpopular.com\/?p=492379"},"modified":"2020-06-26T09:44:31","modified_gmt":"2020-06-26T13:44:31","slug":"el-coronavirus-obliga-a-los-centros-de-cuidado-infantil-a-reducir-la-capacidad-dejando-a-los-padres-luchando","status":"publish","type":"post","link":"https:\/\/diarioelpopular.com\/index.php\/2020\/06\/26\/el-coronavirus-obliga-a-los-centros-de-cuidado-infantil-a-reducir-la-capacidad-dejando-a-los-padres-luchando\/","title":{"rendered":"El coronavirus obliga a los centros de cuidado infantil a reducir la capacidad, dejando a los padres luchando"},"content":{"rendered":"<h4><img loading=\"lazy\" decoding=\"async\" class=\"alignnone size-medium wp-image-492380\" src=\"https:\/\/diarioelpopular.com\/wp-content\/uploads\/2020\/06\/Lakeshore_Community_Child_Care_Centre_2_Super_Portrait-300x200.jpg\" alt=\"\" width=\"300\" height=\"200\" \/><\/h4>\n<h4><em><strong>Los centros de cuidado infantil en todo el pa\u00eds est\u00e1n comenzando a reabrir lentamente, pero funcionan a capacidad reducida debido a la pandemia de coronavirus, lo que significa que algunos padres pueden no tener suerte para un lugar<\/strong><\/em><\/h4>\n<p>&nbsp;<\/p>\n<p><em><strong>TORONTO.-<\/strong><\/em> Antonette Williams residente de esta ciudad dijo que est\u00e1 esperando para ver si su hijo de dos a\u00f1os regresar\u00e1 a la guarder\u00eda en las pr\u00f3ximas semanas, la que ha estado cerrada desde marzo,.<\/p>\n<p>&#8220;No sabemos en este momento&#8221;, dijo. &#8220;Si no recuperamos nuestro lugar, es posible que tengamos que buscar ayuda a tiempo completo, lo cual es dif\u00edcil&#8221;.<\/p>\n<p>Williams es una estudiante de tiempo completo, y su esposo recientemente regres\u00f3 a trabajar. Antes del golpe de la pandemia, su hijo estaba en una guarder\u00eda en el YMCA del \u00e1rea.<\/p>\n<p>A principios de mes, el premier de Ontario, Doug Ford, anunci\u00f3 que todas las guarder\u00edas recibir\u00edan luz verde para abrir el 12 de junio, siempre que cumplieran con una directriz de 20 p\u00e1ginas con nuevas normas de salud y seguridad.<\/p>\n<p>Estas reglas incluyen una mayor limpieza, examinar a todo el personal y a los ni\u00f1os en busca de s\u00edntomas antes de ingresar, excluir a los visitantes del centro, usar mantas mientras sostienen a los beb\u00e9s y ni\u00f1os peque\u00f1os y quitar los juguetes hechos de materiales que no se pueden limpiar y desinfectar.<\/p>\n<p>El n\u00famero de ni\u00f1os y personal en una habitaci\u00f3n ahora est\u00e1 limitado a grupos de 10 o menos.<\/p>\n<p>Williams dijo que su centro de cuidado infantil sol\u00eda permitir 15 ni\u00f1os, incluido el personal. Pero con el n\u00famero reducido, dijo que la pusieron en una lista de espera &#8220;priorizada&#8221;.<\/p>\n<p>&#8220;No s\u00e9 qui\u00e9n tiene prioridad&#8221;, dijo.<\/p>\n<p>La gu\u00eda del Ministerio de Educaci\u00f3n de Ontario es priorizar a los ni\u00f1os que han sido atendidos a trav\u00e9s de los centros de cuidado infantil de emergencia para trabajadores esenciales, padres que tienen que regresar a trabajar fuera del hogar y ni\u00f1os con necesidades especiales.<\/p>\n<p>Ontario ha sido m\u00e1s golpeado con COVID-19 que la mayor\u00eda de las provincias. Mientras que otras provincias est\u00e1n llegando a la Etapa 3 de reapertura, la mayor\u00eda de Ontario todav\u00eda se encuentra en la Etapa 2, que incluye la apertura de patios de restaurantes y salones de belleza desde este mi\u00e9rcoles.<\/p>\n<p>Manitoba se encuentra en la Fase 3, que incluye permitir reuniones p\u00fablicas de 50 personas en interiores y la apertura de bares y restaurantes. Los centros de cuidado infantil ahora tienen la opci\u00f3n de volver a la capacidad total autorizada. Sin embargo, los centros a\u00fan deben cumplir con las pautas de salud p\u00fablica, como el distanciamiento social.<\/p>\n<p>&#8220;Sigue habiendo cierta incertidumbre sobre el tama\u00f1o m\u00e1ximo de los grupos&#8221;, dijo Jodie Kehl, directora ejecutiva de la Asociaci\u00f3n de Cuidado Infantil de Manitoba. &#8220;Los programas necesitan seguir las regulaciones sobre el tama\u00f1o de los grupos pero con espacio entre los grupos, lo que se convierte en un desaf\u00edo para el programa dependiendo de su espacio f\u00edsico&#8221;.<\/p>\n<p>Agreg\u00f3 que todav\u00eda hay m\u00e1s de 2.500 espacios de guarder\u00eda vacantes, seg\u00fan cifras de la provincia. Pero espera que la necesidad de cuidado infantil en Manitoba aumente a medida que m\u00e1s padres regresen al trabajo.<\/p>\n<p>Columbia Brit\u00e1nica se encuentra en la Fase 2 de reapertura, pero el mi\u00e9rcoles, el premier John Horgan dijo que la provincia se est\u00e1 moviendo a la fase Fase 3. Esto significa que los residentes pueden viajar dentro de la provincia a medida que reabrir\u00e1n hoteles, spas y sitios para acampar.<\/p>\n<p>La provincia no cerr\u00f3 ning\u00fan centro de cuidado infantil ni restringi\u00f3 la capacidad en los \u00faltimos meses.<\/p>\n<p>&#8220;Muchos centros de cuidado infantil han continuado operando de manera segura como un servicio esencial durante la pandemia siguiendo la gu\u00eda de salud p\u00fablica&#8221;, dijo Kirsten Lauvaas, gerente de comunicaciones de la Oficina de Comunicaciones de Desarrollo Infantil y Familiar de Columbia Brit\u00e1nica. &#8220;Sin embargo, algunos centros han cerrado temporalmente durante la pandemia&#8221;.<\/p>\n<p>Pero la provincia est\u00e1 alentando las guarder\u00edas que est\u00e1n cerca de reabrir temporalmente, siempre y cuando cumplan con las nuevas pautas de salud p\u00fablica, como retirar los juguetes que no se pueden limpiar f\u00e1cilmente, escalonar los tiempos de recogida y devoluci\u00f3n para evitar reuniones cercanas y desinfectar las cunas y cunas. despu\u00e9s de cada uso<\/p>\n<p>&#8220;Si los padres regresan a trabajar en julio o agosto y su centro regular no tiene un espacio disponible porque se le est\u00e1 dando prioridad al hijo de un trabajador de servicios esenciales, nuestro sistema de referencia tambi\u00e9n puede ayudarlos a encontrar un lugar cercano&#8221;, dijo Lauvaas. .<\/p>\n<p><em><strong>Ontario siente escasez de espacios de cuidado infantil<\/strong><\/em><\/p>\n<p>El consejal de la Ciudad de Toronto Joe Cressy dijo que en los \u00faltimos d\u00edas, ha estado hablando por tel\u00e9fono con muchos padres que est\u00e1n preocupados por la falta de lugares para el cuidado de los ni\u00f1os, ya que algunos centros de la ciudad han cerrado debido a la tensi\u00f3n financiera de la pandemia.<\/p>\n<p>Algunos padres incluso han tenido que renunciar a sus trabajos, dijo.<\/p>\n<p>\u201cFue dif\u00edcil encontrar cuidado infantil antes de COVID. Y ahora, en medio de COVID, ha expuesto la flagrante crisis del cuidado infantil y ha empeorado las cosas, y la provincia no tiene planes de mejorarla &#8220;, agreg\u00f3 Cressy.<\/p>\n<p>El ministro de Educaci\u00f3n de Ontario, Stephen Lecce, dijo que el gobierno conf\u00eda en que algunos padres no quieran enviar a sus hijos a la guarder\u00eda.<\/p>\n<p>&#8220;La realidad es que no todos los padres regresar\u00e1n a sus hijos&#8221;, dijo Lecce en una conferencia de prensa el pasado 9 de junio.<\/p>\n<p>&#8220;Por lo tanto, creemos que con este plan, el cohospedaje de hasta 10, no m\u00e1s de 10, incluido el personal y los ni\u00f1os en un espacio definido, deber\u00eda permitir a los operadores, si lo desean, optimizar su capacidad de licencia completa, y algunos no se basar\u00e1n en el espacio. Pero creemos que podremos lograr que los trabajadores y los padres vuelvan a la fuerza laboral lo antes posible, y deber\u00eda haber suficiente espacio para ellos \u201d.<\/p>\n<p>Kelly Baker, que vive en el centro de Toronto, dijo que volver\u00e1 a trabajar en oto\u00f1o, pero le preocupa que su hija de un a\u00f1o no tenga cuidado infantil.<\/p>\n<p>Hace unos a\u00f1os, dijo que puso su nombre en varias listas de espera de guarder\u00edas en el \u00e1rea, sabiendo que los lugares son dif\u00edciles de encontrar en la ciudad. Le dijeron que estaba en la lista de espera, pero cuando lleg\u00f3 la pandemia, su n\u00famero en la lista de espera cay\u00f3.<\/p>\n<p>Se contact\u00f3 con los centros varias veces para ver si todav\u00eda ten\u00eda un lugar, pero le dijeron que continuara revisando ya que no hab\u00eda informaci\u00f3n sobre los lugares disponibles.<\/p>\n<p>&#8220;Es innecesariamente estresante. Planeaba volver a trabajar en octubre, pero tuve que hablar con mi trabajo sobre mi situaci\u00f3n. Antes ten\u00eda muchas opciones, pero ahora los lugares no aceptan nuevos ni\u00f1os. Todo lo que me han dicho es que siga revisando. B\u00e1sicamente, la responsabilidad recae en m\u00ed para seguir haciendo el seguimiento \u201d, dijo Baker.<\/p>\n<p>Agreg\u00f3 que cree que el gobierno necesita aumentar la financiaci\u00f3n del acceso al cuidado infantil de manera m\u00e1s adecuada.<\/p>\n<p>Carolyn Ferns, coordinadora de pol\u00edticas p\u00fablicas de la Coalici\u00f3n de Ontario para un mejor cuidado infantil, dijo que es un momento muy confuso para los padres y que el gobierno deber\u00eda haberlo visto venir.<\/p>\n<p>Ella dijo que propuso un plan para que el gobierno de Ontario aborde la inevitable escasez de espacios de cuidado infantil.<\/p>\n<p>\u201cPropusimos usar escuelas que actualmente est\u00e1n vac\u00edas como espacios de cuidado de ni\u00f1os o incluso usar instalaciones recreativas. Pero el gobierno no tom\u00f3 nuestras recomendaciones. Entiendo que es una situaci\u00f3n dif\u00edcil, pero podr\u00eda haber sido mitigada hasta cierto punto &#8220;, dijo.<\/p>\n<p>Ferns dijo que espera ver m\u00e1s liderazgo federal en la crisis del cuidado infantil.<\/p>\n<p>&#8220;Los defensores del cuidado infantil en todo el pa\u00eds est\u00e1n tratando de decirle al gobierno que este es un gran problema en todo el pa\u00eds, necesitamos manejarlo si nos tomamos en serio la recuperaci\u00f3n econ\u00f3mica y social&#8221;, dijo.<\/p>\n<p>Un portavoz de Ahmed Hussen, ministro de familias, ni\u00f1os y desarrollo social de Canad\u00e1, dijo a Global News que el gobierno federal ha estado trabajando con las provincias para abordar las necesidades de cuidado infantil, incluidas las creadas por la pandemia.<\/p>\n<p>\u201cHay un apoyo federal de $ 7.5 mil millones que ya se ha comprometido con las provincias, que se distribuir\u00e1n a lo largo de la d\u00e9cada. Estamos avanzando para crear hasta 250,000 m\u00e1s espacios antes y despu\u00e9s de la escuela y estamos tomando medidas para reducir las tarifas de los programas antes y despu\u00e9s de la escuela en un 10 por ciento \u201d, dijo el portavoz del ministerio.<\/p>\n","protected":false},"excerpt":{"rendered":"<p>Los centros de cuidado infantil en todo el pa\u00eds est\u00e1n comenzando a reabrir lentamente, pero funcionan a capacidad reducida debido a la pandemia de coronavirus,&hellip;<\/p>\n","protected":false},"author":99,"featured_media":0,"comment_status":"open","ping_status":"open","sticky":false,"template":"","format":"standard","meta":{"footnotes":""},"categories":[21,11191],"tags":[],"class_list":["post-492379","post","type-post","status-publish","format-standard","hentry","category-canada","category-top-news"],"_links":{"self":[{"href":"https:\/\/diarioelpopular.com\/index.php\/wp-json\/wp\/v2\/posts\/492379","targetHints":{"allow":["GET"]}}],"collection":[{"href":"https:\/\/diarioelpopular.com\/index.php\/wp-json\/wp\/v2\/posts"}],"about":[{"href":"https:\/\/diarioelpopular.com\/index.php\/wp-json\/wp\/v2\/types\/post"}],"author":[{"embeddable":true,"href":"https:\/\/diarioelpopular.com\/index.php\/wp-json\/wp\/v2\/users\/99"}],"replies":[{"embeddable":true,"href":"https:\/\/diarioelpopular.com\/index.php\/wp-json\/wp\/v2\/comments?post=492379"}],"version-history":[{"count":1,"href":"https:\/\/diarioelpopular.com\/index.php\/wp-json\/wp\/v2\/posts\/492379\/revisions"}],"predecessor-version":[{"id":492381,"href":"https:\/\/diarioelpopular.com\/index.php\/wp-json\/wp\/v2\/posts\/492379\/revisions\/492381"}],"wp:attachment":[{"href":"https:\/\/diarioelpopular.com\/index.php\/wp-json\/wp\/v2\/media?parent=492379"}],"wp:term":[{"taxonomy":"category","embeddable":true,"href":"https:\/\/diarioelpopular.com\/index.php\/wp-json\/wp\/v2\/categories?post=492379"},{"taxonomy":"post_tag","embeddable":true,"href":"https:\/\/diarioelpopular.com\/index.php\/wp-json\/wp\/v2\/tags?post=492379"}],"curies":[{"name":"wp","href":"https:\/\/api.w.org\/{rel}","templated":true}]}}