{"id":492383,"date":"2020-06-26T16:20:38","date_gmt":"2020-06-26T20:20:38","guid":{"rendered":"https:\/\/diarioelpopular.com\/?p=492383"},"modified":"2020-06-26T16:20:38","modified_gmt":"2020-06-26T20:20:38","slug":"buenos-aires-endurece-medidas","status":"publish","type":"post","link":"https:\/\/diarioelpopular.com\/index.php\/2020\/06\/26\/buenos-aires-endurece-medidas\/","title":{"rendered":"Buenos Aires endurece medidas"},"content":{"rendered":"<div id=\"attachment_492384\" style=\"width: 486px\" class=\"wp-caption alignnone\"><img loading=\"lazy\" decoding=\"async\" aria-describedby=\"caption-attachment-492384\" class=\"size-custom-full-size wp-image-492384\" src=\"https:\/\/diarioelpopular.com\/wp-content\/uploads\/2020\/06\/fd131b4d107be3b788f0016ebd4db099.jpg\" alt=\"\" width=\"476\" height=\"317\" \/><p id=\"caption-attachment-492384\" class=\"wp-caption-text\"><em>Vuelven los controles estrictos en Buenos AIres, ante el aumento de casos de Covid-19.<\/em><br \/><em>(foto: ANSA)<\/em><\/p><\/div>\n<p>&nbsp;<\/p>\n<h4><em><strong>Aumento veloz de contagios empuja al gobierno a cerrar m\u00e1s<\/strong><\/em><\/h4>\n<p>&nbsp;<\/p>\n<p><em><strong>BUENOS AIRES, 26 JUN &#8211;<\/strong><\/em> El gobierno argentino anuncia una extensi\u00f3n de la pr\u00f3rroga de la cuarentena por otras dos semanas, especialmente en la capital Buenos Aires y sus suburbios, donde en los \u00faltimos d\u00edas se han disparado los casos de contagio de Covid-19.<br \/>\nFinalmente el presidente Alberto Fern\u00e1ndez opto por no realizar el anuncio a la noche, pues continuaban las reuniones de coordinaci\u00f3n entre la naci\u00f3n, la capital Buenos Aires y la periferia que pertenece a la Provincia de Buenos Aires.<br \/>\nSe buscar\u00e1 principalmente frenar la circulaci\u00f3n en las calles ante la r\u00e1pida aceleraci\u00f3n de los contagios, que d\u00eda a d\u00eda marcan un nuevo r\u00e9cord y ponen a riesgo la estructura hospitalaria. El virus est\u00e1 circulando a gran velocidad sobretodo en Buenos Aires y sus alrededores, donde hay una gran concentraci\u00f3n de poblaci\u00f3n (14.800.000 habitantes, que representan el 37% de todo Argentina, Censo 2010). La zona registra tambi\u00e9n una gran movilidad de personas.<br \/>\nEl resto del pa\u00eds vive una realidad completamente distinta en relaci\u00f3n a la pandemia, la mayor parte en Fase 2 y muchas otras incluso en Fase 3 hasta con bares y restaurantes abiertos, aunque tambi\u00e9n se han detectado los t\u00edpicos rebrotes concentrados. El presidente Fern\u00e1ndez, el gobernador bonaerense Axel Kicillof y el jefe de gobierno de Buenos Aires Horacio Rodr\u00edguez Larreta se encontraban reunidos ajustando las medidas que se anunciar\u00e1n ma\u00f1ana.<br \/>\nSeg\u00fan adelantos de la prensa, se plantear\u00e1n las restricciones como el \u00faltimo esfuerzo para tratar de achatar la curva de contagios que, de continuar a este ritmo, podr\u00eda saturar el sistema sanitario en unas tres semanas. Fern\u00e1ndez explicar\u00e1 -ante las quejas por la extensa cuarentena- que los casi cien d\u00edas de cuarentena valieron la pena para estirar los tiempos y preparar el sistema de salud. En la \u00faltima extensi\u00f3n de cuarentena se permitieron flexibilizaciones que derivaron en una mayor circulaci\u00f3n en las calles, que coincidieron con la aceleraci\u00f3n de los casos de coronavirus. En cuesti\u00f3n de pocos d\u00edas los contagios pasaron de unos 800 diarios, a m\u00e1s de mil, luego los dos mil y ayer ya se acercaron casi a los tres mil. Ahora, la prioridad est\u00e1 puesta en disminuir la circulaci\u00f3n de personas, por lo que en esta nueva fase de la cuarentena se permitir\u00e1 solamente uso del transporte para las actividades esenciales y se restringir\u00e1 todo lo posible el tr\u00e1nsito entre jurisdicciones.<br \/>\nTambi\u00e9n aumentar\u00e1n los controles policiales para asegurar que quien circule sea s\u00f3lo quien tiene su habilitaci\u00f3n.<br \/>\nAdem\u00e1s, se cerrar\u00e1n los comercios no esenciales pero, en cambio, seguir\u00e1n funcionando los negocios de cercan\u00eda (de los barrios) para que la gente no tenga inconvenientes para abastecerse y tambi\u00e9n atender\u00e1n los bancos como lo vienen haciendo, con turnos previos. Hasta anoche hab\u00eda 457 pacientes con Covid-19 en terapia intensiva (UTI) en todo el pa\u00eds, sobre una disponibilidad total de camas para cuidados cr\u00edticos a nivel nacional de 11.517, tanto en el sector p\u00fablico como en el privado. Eso representa apenas el 4% del total de camas habilitadas en terapia a la fecha.<br \/>\nPero, el 51% de los infectados en UTI corresponde a la provincia de Buenos Aires y el 42% a la Ciudad de Buenos Aires.<br \/>\nEl problema con la disponibilidad de camas de cuidados cr\u00edticos no est\u00e1 dado hoy solo por el coronavirus. El 45,1% del total de camas de terapia de todo el pa\u00eds est\u00e1 ocupado por pacientes con otras las patolog\u00edas o por quienes atravesaron intervenciones quir\u00fargicas.<br \/>\nEn AMBA -la zona m\u00e1s cr\u00edtica conformada por la Ciudad de Buenos Aires y los 40 municipios de la periferia-, esa ocupaci\u00f3n total es del 51,3%.<br \/>\nJustamente eso es lo que est\u00e1 despertando alarmas en los funcionarios y especialistas, que temen que la acumulaci\u00f3n de personas hospitalizadas por otras enfermedades, m\u00e1s al comienzo del invierno cuando se agudizan los problemas respiratorios, sumado al fuerte aumento de contagios de Covid-19 que se viene registrando, termine por hacer colapsar la capacidad del sistema sanitario, que est\u00e1 tambi\u00e9n registrando muchos positivos en m\u00e9dicos y enfermeros.<\/p>\n","protected":false},"excerpt":{"rendered":"<p>&nbsp; Aumento veloz de contagios empuja al gobierno a cerrar m\u00e1s &nbsp; BUENOS AIRES, 26 JUN &#8211; El gobierno argentino anuncia una extensi\u00f3n de la&hellip;<\/p>\n","protected":false},"author":99,"featured_media":0,"comment_status":"open","ping_status":"open","sticky":false,"template":"","format":"standard","meta":{"footnotes":""},"categories":[23],"tags":[],"class_list":["post-492383","post","type-post","status-publish","format-standard","hentry","category-latinoamerica"],"_links":{"self":[{"href":"https:\/\/diarioelpopular.com\/index.php\/wp-json\/wp\/v2\/posts\/492383","targetHints":{"allow":["GET"]}}],"collection":[{"href":"https:\/\/diarioelpopular.com\/index.php\/wp-json\/wp\/v2\/posts"}],"about":[{"href":"https:\/\/diarioelpopular.com\/index.php\/wp-json\/wp\/v2\/types\/post"}],"author":[{"embeddable":true,"href":"https:\/\/diarioelpopular.com\/index.php\/wp-json\/wp\/v2\/users\/99"}],"replies":[{"embeddable":true,"href":"https:\/\/diarioelpopular.com\/index.php\/wp-json\/wp\/v2\/comments?post=492383"}],"version-history":[{"count":1,"href":"https:\/\/diarioelpopular.com\/index.php\/wp-json\/wp\/v2\/posts\/492383\/revisions"}],"predecessor-version":[{"id":492385,"href":"https:\/\/diarioelpopular.com\/index.php\/wp-json\/wp\/v2\/posts\/492383\/revisions\/492385"}],"wp:attachment":[{"href":"https:\/\/diarioelpopular.com\/index.php\/wp-json\/wp\/v2\/media?parent=492383"}],"wp:term":[{"taxonomy":"category","embeddable":true,"href":"https:\/\/diarioelpopular.com\/index.php\/wp-json\/wp\/v2\/categories?post=492383"},{"taxonomy":"post_tag","embeddable":true,"href":"https:\/\/diarioelpopular.com\/index.php\/wp-json\/wp\/v2\/tags?post=492383"}],"curies":[{"name":"wp","href":"https:\/\/api.w.org\/{rel}","templated":true}]}}