{"id":492392,"date":"2020-06-27T14:18:25","date_gmt":"2020-06-27T18:18:25","guid":{"rendered":"https:\/\/diarioelpopular.com\/?p=492392"},"modified":"2020-06-27T14:18:25","modified_gmt":"2020-06-27T18:18:25","slug":"gobierno-de-ontario-extiende-las-ordenes-de-emergencia-hasta-el-10-de-julio","status":"publish","type":"post","link":"https:\/\/diarioelpopular.com\/index.php\/2020\/06\/27\/gobierno-de-ontario-extiende-las-ordenes-de-emergencia-hasta-el-10-de-julio\/","title":{"rendered":"Gobierno de Ontario extiende las \u00f3rdenes de emergencia hasta el 10 de julio"},"content":{"rendered":"<p><img loading=\"lazy\" decoding=\"async\" class=\"alignnone size-medium wp-image-492393\" src=\"https:\/\/diarioelpopular.com\/wp-content\/uploads\/2020\/06\/GettyImages-1217043039-1-300x200.jpg\" alt=\"\" width=\"300\" height=\"200\" \/><\/p>\n<p><em>Actualizado s\u00e1bado 27 de junio de 2020 1:38 am<\/em><\/p>\n<p>&nbsp;<\/p>\n<h4><em><strong>&#8211; El gobierno anunci\u00f3 este s\u00e1bado que extender\u00e1 sus \u00f3rdenes de emergencia para la pandemia COVID-19 hasta el 10 de julio.<\/strong><\/em><\/h4>\n<h4><em><strong>Ontario informa 160 nuevos casos de coronavirus, 8 muertes como n\u00famero r\u00e9cord de pruebas realizadas<\/strong><\/em><\/h4>\n<p>TORONTO &#8211; El premier Doug Ford dijo que la provincia ha progresado bastante en la reducci\u00f3n de la propagaci\u00f3n del coronavirus, pero que los habitantes de Ontario deben permanecer vigilantes.<\/p>\n<p>La provincia tambi\u00e9n dijo que aflojar\u00e1 algunas restricciones sobre los deportes de interior y el estado f\u00edsico para permitir que atletas aficionados y profesionales entrenen.<\/p>\n<p>El anuncio se produce d\u00edas despu\u00e9s de que el gobierno extendi\u00f3 su estado de emergencia hasta el 15 de julio.<\/p>\n<p>Ford ha dicho que espera que esta sea la \u00faltima vez que Ontario tenga que extender su estado de emergencia.<\/p>\n<p>La provincia ya no podr\u00e1 emitir nuevas \u00f3rdenes de emergencia despu\u00e9s de que finalice un estado de emergencia, pero podr\u00e1 extender las \u00f3rdenes existentes.<\/p>\n<p>&nbsp;<\/p>\n<h4><em><strong>Ontario informa 160 nuevos casos de coronavirus, 8 muertes como n\u00famero r\u00e9cord de pruebas realizadas<\/strong><\/em><\/h4>\n<p>Se report\u00f3 160 este s\u00e1bado nuevos casos nuevo coronavirus, elevando el total provincial a 34,476.<\/p>\n<p>Tambi\u00e9n se anunciaron ocho nuevas muertes, lo que eleva el total de fallecimientos atribuidss al virus en la provincia a 2.652.<\/p>\n<p>Se considera resuelto un total de 29.932 casos, lo que representa el 86,8% de todos los casos confirmados.<\/p>\n<p>\u201cAyer (viernes), la provincia proces\u00f3 un n\u00famero r\u00e9cord de pruebas en 33,492. Como resultado, nuestra tasa de positividad se mantiene en m\u00ednimos hist\u00f3ricos \u201d, dijo la ministra de Salud, Christine Elliott, en Twitter.<\/p>\n<p>&#8220;Con 178 m\u00e1s resueltos, seguimos viendo una disminuci\u00f3n persistente en el n\u00famero de casos activos en la provincia&#8221;, agreg\u00f3 Elliott.<\/p>\n<p>Se han realizado un total de 1,327,806 pruebas en la provincia.<\/p>\n<p>El n\u00famero reportado de pacientes hospitalizados con COVID-19 es 252 (se redujo en cuatro), con 54 en cuidados intensivos (se redujo en siete) y 35 en un ventilador (se redujo en seis).<\/p>\n<p>De los nuevos casos del s\u00e1bado, 56 son de Toronto, 35 de la Regi\u00f3n Peel y 16 de Windsor-Essex.<\/p>\n<p>Los n\u00fameros reci\u00e9n informados son v\u00e1lidos a partir de las 2 p.m. Viernes para Toronto, Ottawa y Londres y a las 4 p.m. para el resto de la provincia.<\/p>\n<p>Seg\u00fan el Ministerio de Atenci\u00f3n a Largo Plazo, se han reportado 1.807 muertes entre residentes y pacientes en hogares de atenci\u00f3n a largo plazo en todo Ontario, que es lo mismo que el viernes. Hay 57 brotes en hogares de cuidado a largo plazo.<\/p>\n<p>El ministerio tambi\u00e9n indic\u00f3 que hay 181 casos activos entre los residentes y 315 entre el personal.<\/p>\n","protected":false},"excerpt":{"rendered":"<p>Actualizado s\u00e1bado 27 de junio de 2020 1:38 am &nbsp; &#8211; El gobierno anunci\u00f3 este s\u00e1bado que extender\u00e1 sus \u00f3rdenes de emergencia para la pandemia&hellip;<\/p>\n","protected":false},"author":99,"featured_media":0,"comment_status":"open","ping_status":"open","sticky":false,"template":"","format":"standard","meta":{"footnotes":""},"categories":[21,11191],"tags":[],"class_list":["post-492392","post","type-post","status-publish","format-standard","hentry","category-canada","category-top-news"],"_links":{"self":[{"href":"https:\/\/diarioelpopular.com\/index.php\/wp-json\/wp\/v2\/posts\/492392","targetHints":{"allow":["GET"]}}],"collection":[{"href":"https:\/\/diarioelpopular.com\/index.php\/wp-json\/wp\/v2\/posts"}],"about":[{"href":"https:\/\/diarioelpopular.com\/index.php\/wp-json\/wp\/v2\/types\/post"}],"author":[{"embeddable":true,"href":"https:\/\/diarioelpopular.com\/index.php\/wp-json\/wp\/v2\/users\/99"}],"replies":[{"embeddable":true,"href":"https:\/\/diarioelpopular.com\/index.php\/wp-json\/wp\/v2\/comments?post=492392"}],"version-history":[{"count":1,"href":"https:\/\/diarioelpopular.com\/index.php\/wp-json\/wp\/v2\/posts\/492392\/revisions"}],"predecessor-version":[{"id":492394,"href":"https:\/\/diarioelpopular.com\/index.php\/wp-json\/wp\/v2\/posts\/492392\/revisions\/492394"}],"wp:attachment":[{"href":"https:\/\/diarioelpopular.com\/index.php\/wp-json\/wp\/v2\/media?parent=492392"}],"wp:term":[{"taxonomy":"category","embeddable":true,"href":"https:\/\/diarioelpopular.com\/index.php\/wp-json\/wp\/v2\/categories?post=492392"},{"taxonomy":"post_tag","embeddable":true,"href":"https:\/\/diarioelpopular.com\/index.php\/wp-json\/wp\/v2\/tags?post=492392"}],"curies":[{"name":"wp","href":"https:\/\/api.w.org\/{rel}","templated":true}]}}