{"id":492395,"date":"2020-06-27T14:24:48","date_gmt":"2020-06-27T18:24:48","guid":{"rendered":"https:\/\/diarioelpopular.com\/?p=492395"},"modified":"2020-06-27T14:24:48","modified_gmt":"2020-06-27T18:24:48","slug":"mina-chilena-frena-actividades","status":"publish","type":"post","link":"https:\/\/diarioelpopular.com\/index.php\/2020\/06\/27\/mina-chilena-frena-actividades\/","title":{"rendered":"Mina chilena frena actividades"},"content":{"rendered":"<div id=\"attachment_492396\" style=\"width: 310px\" class=\"wp-caption alignnone\"><img loading=\"lazy\" decoding=\"async\" aria-describedby=\"caption-attachment-492396\" class=\"size-medium wp-image-492396\" src=\"https:\/\/diarioelpopular.com\/wp-content\/uploads\/2020\/06\/42dbb416acc2e4cf05fcf942476c929b-300x200.jpg\" alt=\"\" width=\"300\" height=\"200\" \/><p id=\"caption-attachment-492396\" class=\"wp-caption-text\"><em>Un \u00e1rea de explotaci\u00f3n a cielo abierto de Chuquicamata . (foto: Ansa)<\/em><\/p><\/div>\n<p>&nbsp;<\/p>\n<h4><em><strong>Nueva medida coincide con muerte de tercer trabajador por Covid<\/strong><\/em><\/h4>\n<p>&nbsp;<\/p>\n<p><em><strong>SANTIAGO DE CHILE, 27 JUN<\/strong> <\/em>&#8211; La divisi\u00f3n del mineral chileno de Chuquicamata determin\u00f3 detener las actividades en las gerencias Fundici\u00f3n y Refiner\u00eda del importante yacimiento del norte del pa\u00eds, tras la muerte de un tercer operario.<br \/>\nSe trata de una medida preventiva ante la compleja emergencia sanitaria del Covid-19 que sufre la regi\u00f3n de Antofagasta, y en especial la ciudad de Calama.<br \/>\nHoy se conoci\u00f3 el deceso de un tercer trabajador de Chuquicamata producto del corobavirus, quien ejerc\u00eda sus labores en la Gerencia Mina Rajo de dicha divisi\u00f3n. Se trata de la tercera muerte que se registra en la Divisi\u00f3n producto por el virus y la cuarta de toda la cupr\u00edfera. El sindicato de Trabajadores N\u00b03 inform\u00f3 en la carta de p\u00e9same que se trata de un hombre de 55 a\u00f1os &#8220;quien luch\u00f3 por su vida internado en UCI durante 10 d\u00edas y que lamentablemente pas\u00f3 a la eternidad hoy a las 01:40 horas (05.40 GMT)&#8221;.<br \/>\nLa organizaci\u00f3n expres\u00f3 que &#8220;nuevamente nos embarga el dolor como familia minera, puesto que la p\u00e9rdida de vidas humanas en el pa\u00eds, la regi\u00f3n y en nuestra ciudad de Calama a ra\u00edz de esta pandemia, son golpes fuertes para nuestra empresa y la comunidad que nos acoge&#8221;.<br \/>\nLos sindicalistas exigieron a la empresa que &#8220;se agilicen al m\u00e1ximo las medidas de seguridad pendientes para prevenir la difusi\u00f3n del covid-19 en nuestras faenas&#8221;, expres\u00f3 el sindicato.<br \/>\n&#8220;Hay que cortar de una vez por todas la l\u00ednea de contagio que tantos pesares est\u00e1 generando en Chuquicamata y que nuevamente afecta directamente a una vida&#8221;. Codelco manifest\u00f3 tambi\u00e9n que &#8220;insistiremos en promover con fuerza el autocuidado y la solidaridad entre todos los integrantes de la sociedad, puesto que es la base para enfrentar esta emergencia sanitaria&#8221;. El 5 de junio, Chuquicamata lament\u00f3 la primera muerte por coronavirus entre los trabajadores del mineral: un hombre de 48 a\u00f1os que operaba en el \u00e1rea de Chancado. Hace un par de d\u00edas, la cupr\u00edfera report\u00f3 el fallecimiento de una segunda v\u00edctima, un joven de 33 a\u00f1os de la gerencia de Fundici\u00f3n. Estos decesos se suman al de un cuarto operario de Ministro Hales. La noticia del fallecimiento tercer fallecido se produjo horas despu\u00e9s de que la cupr\u00edfera informara su decisi\u00f3n de detener la fundici\u00f3n y refiner\u00eda de la Divisi\u00f3n para contener los contagios.<br \/>\nLa nueva medida es de car\u00e1cter transitoria y tiene como objetivo reducir la exposici\u00f3n en las \u00e1reas, y reforzar los esfuerzos y controles preventivos de seguridad y salud de las personas en la divisi\u00f3n, inform\u00f3 Codelco, principal productora mundial del metal rojo.<br \/>\nDe igual forma, esta iniciativa permite focalizar los esfuerzos productivos en las \u00e1reas mina y concentradora, unidades de negocio que, bajo todos los resguardos, continuar\u00e1n aportando a la generaci\u00f3n de excedentes fundamentales para que nuestro pa\u00eds enfrente de mejor forma esta pandemia.<br \/>\nLa iniciativa considera la disminuci\u00f3n de cerca de 400 personas, la detenci\u00f3n de equipos y la reducci\u00f3n de los ritmos productivos en ambas \u00e1reas. La medida considera continuar con operaciones menores y mantenimientos preventivos.<br \/>\nLa desmovilizaci\u00f3n del personal, tanto propio como colaborador, se realizar\u00e1 en forma progresiva seg\u00fan finalicen los turnos.<br \/>\nNicol\u00e1s Rivera, gerente general de la divisi\u00f3n explic\u00f3 que &#8220;esta nueva iniciativa, es una acci\u00f3n proactiva para abordar las pr\u00f3ximas dif\u00edciles semanas que tendremos que enfrentar como pa\u00eds, sociedad y Chuquicamata. Hoy debemos estar m\u00e1s unidos que nunca para enfrentar este desaf\u00edo, haciendo de la disciplina y la solidaridad la base de nuestro accionar en el trabajo, el hogar y en nuestro entorno comunitario&#8221;. La refiner\u00eda tambi\u00e9n disminuir\u00e1 su dotaci\u00f3n de modo de asegurar las medidas sanitarias y operar\u00e1 a un tercio de su capacidad.<\/p>\n","protected":false},"excerpt":{"rendered":"<p>&nbsp; Nueva medida coincide con muerte de tercer trabajador por Covid &nbsp; SANTIAGO DE CHILE, 27 JUN &#8211; La divisi\u00f3n del mineral chileno de Chuquicamata&hellip;<\/p>\n","protected":false},"author":99,"featured_media":0,"comment_status":"open","ping_status":"open","sticky":false,"template":"","format":"standard","meta":{"footnotes":""},"categories":[23],"tags":[],"class_list":["post-492395","post","type-post","status-publish","format-standard","hentry","category-latinoamerica"],"_links":{"self":[{"href":"https:\/\/diarioelpopular.com\/index.php\/wp-json\/wp\/v2\/posts\/492395","targetHints":{"allow":["GET"]}}],"collection":[{"href":"https:\/\/diarioelpopular.com\/index.php\/wp-json\/wp\/v2\/posts"}],"about":[{"href":"https:\/\/diarioelpopular.com\/index.php\/wp-json\/wp\/v2\/types\/post"}],"author":[{"embeddable":true,"href":"https:\/\/diarioelpopular.com\/index.php\/wp-json\/wp\/v2\/users\/99"}],"replies":[{"embeddable":true,"href":"https:\/\/diarioelpopular.com\/index.php\/wp-json\/wp\/v2\/comments?post=492395"}],"version-history":[{"count":1,"href":"https:\/\/diarioelpopular.com\/index.php\/wp-json\/wp\/v2\/posts\/492395\/revisions"}],"predecessor-version":[{"id":492397,"href":"https:\/\/diarioelpopular.com\/index.php\/wp-json\/wp\/v2\/posts\/492395\/revisions\/492397"}],"wp:attachment":[{"href":"https:\/\/diarioelpopular.com\/index.php\/wp-json\/wp\/v2\/media?parent=492395"}],"wp:term":[{"taxonomy":"category","embeddable":true,"href":"https:\/\/diarioelpopular.com\/index.php\/wp-json\/wp\/v2\/categories?post=492395"},{"taxonomy":"post_tag","embeddable":true,"href":"https:\/\/diarioelpopular.com\/index.php\/wp-json\/wp\/v2\/tags?post=492395"}],"curies":[{"name":"wp","href":"https:\/\/api.w.org\/{rel}","templated":true}]}}