{"id":492417,"date":"2020-06-28T13:24:25","date_gmt":"2020-06-28T17:24:25","guid":{"rendered":"https:\/\/diarioelpopular.com\/?p=492417"},"modified":"2020-06-28T13:24:25","modified_gmt":"2020-06-28T17:24:25","slug":"mas-de-8-mil-podrian-ser-los-decesos-en-chile-en-lo-que-va-de-pandemia","status":"publish","type":"post","link":"https:\/\/diarioelpopular.com\/index.php\/2020\/06\/28\/mas-de-8-mil-podrian-ser-los-decesos-en-chile-en-lo-que-va-de-pandemia\/","title":{"rendered":"M\u00e1s de 8 mil podr\u00edan ser los decesos en Chile en lo que va de pandemia"},"content":{"rendered":"<h4><img loading=\"lazy\" decoding=\"async\" class=\"alignnone size-medium wp-image-492418\" src=\"https:\/\/diarioelpopular.com\/wp-content\/uploads\/2020\/06\/foto_0000000720200628123924-300x182.jpg\" alt=\"\" width=\"300\" height=\"182\" \/><\/h4>\n<h4><em><strong>Cifras oficiales llegan a 5.509 muertes, pero hay otras 2.846 de las que se sospecha que tambi\u00e9n tuvieron como causa el coronavirus. Esta \u00faltima cifra es la que maneja el Departamento de Estad\u00edsticas e Informaci\u00f3n de Salud (Deis) y si es confirmada elevar\u00eda a 8.355 la cantidad de decesos.<\/strong><\/em><\/h4>\n<p>&nbsp;<\/p>\n<p><em><strong>SANTIAGO, 28 JUNIO-<\/strong> <\/em>El jefe del Departamento de Epidemiolog\u00eda del ministerio de Salud, Rafael Araos, inform\u00f3 este domingo que el total de muertes confirmadas por covid-19 lleg\u00f3 a 5.509, mientras que hay otras 2.846 de las que se sospecha que tambi\u00e9n tuvieron como causa el coronavirus. Esta \u00faltima cifra es la que maneja el\u00a0Departamento de Estad\u00edsticas e Informaci\u00f3n de Salud (Deis) y si es confirmada por su equipo de investigaci\u00f3n elevar\u00eda a 8.355 la cantidad de decesos.<\/p>\n<p>En las \u00faltimas horas se notificaron 162 nuevos fallecimientos inscritos en el Registro Civil.<\/p>\n<p>Por otra parte, Araos indic\u00f3 que en las \u00faltimas 24 horas se registraron 4.216 nuevos contagios, 3.396 con s\u00edntomas, 402 asintom\u00e1ticos y 418 casos positivos sin notificar al Minsal, con lo cual el total de casos lleg\u00f3 a 271.982 a la fecha, de los cuales 34.263 se mantienen activos y, por lo tanto, son enfermos contagiantes.<\/p>\n<p>Araos tambi\u00e9n explic\u00f3 que 2.129 personas se encuentran hospitalizadas en unidades de cuidados intensivos, 1.793 conectadas a ventilaci\u00f3n mec\u00e1nica y 400 de ellas en estado cr\u00edtico. Adem\u00e1s, hay 302 ventiladores mec\u00e1nicos disponibles.<\/p>\n<p>Por otra parte, este s\u00e1bado se realizaron 18.370 ex\u00e1menes de PCR para un total de 1.079.644 acumulado a la fecha.<\/p>\n<p>Finalmente, se se\u00f1al\u00f3 que hay 151 residencias sanitarias en todo el pa\u00eds, con 9.793 cupos disponibles y 5.985 contagiados ingresados.<\/p>\n","protected":false},"excerpt":{"rendered":"<p>Cifras oficiales llegan a 5.509 muertes, pero hay otras 2.846 de las que se sospecha que tambi\u00e9n tuvieron como causa el coronavirus. Esta \u00faltima cifra&hellip;<\/p>\n","protected":false},"author":99,"featured_media":0,"comment_status":"open","ping_status":"open","sticky":false,"template":"","format":"standard","meta":{"footnotes":""},"categories":[23],"tags":[],"class_list":["post-492417","post","type-post","status-publish","format-standard","hentry","category-latinoamerica"],"_links":{"self":[{"href":"https:\/\/diarioelpopular.com\/index.php\/wp-json\/wp\/v2\/posts\/492417","targetHints":{"allow":["GET"]}}],"collection":[{"href":"https:\/\/diarioelpopular.com\/index.php\/wp-json\/wp\/v2\/posts"}],"about":[{"href":"https:\/\/diarioelpopular.com\/index.php\/wp-json\/wp\/v2\/types\/post"}],"author":[{"embeddable":true,"href":"https:\/\/diarioelpopular.com\/index.php\/wp-json\/wp\/v2\/users\/99"}],"replies":[{"embeddable":true,"href":"https:\/\/diarioelpopular.com\/index.php\/wp-json\/wp\/v2\/comments?post=492417"}],"version-history":[{"count":1,"href":"https:\/\/diarioelpopular.com\/index.php\/wp-json\/wp\/v2\/posts\/492417\/revisions"}],"predecessor-version":[{"id":492419,"href":"https:\/\/diarioelpopular.com\/index.php\/wp-json\/wp\/v2\/posts\/492417\/revisions\/492419"}],"wp:attachment":[{"href":"https:\/\/diarioelpopular.com\/index.php\/wp-json\/wp\/v2\/media?parent=492417"}],"wp:term":[{"taxonomy":"category","embeddable":true,"href":"https:\/\/diarioelpopular.com\/index.php\/wp-json\/wp\/v2\/categories?post=492417"},{"taxonomy":"post_tag","embeddable":true,"href":"https:\/\/diarioelpopular.com\/index.php\/wp-json\/wp\/v2\/tags?post=492417"}],"curies":[{"name":"wp","href":"https:\/\/api.w.org\/{rel}","templated":true}]}}