{"id":492429,"date":"2020-06-29T12:19:22","date_gmt":"2020-06-29T16:19:22","guid":{"rendered":"https:\/\/diarioelpopular.com\/?p=492429"},"modified":"2020-06-29T12:19:22","modified_gmt":"2020-06-29T16:19:22","slug":"manifestantes-en-ruidosa-caravana-piden-renuncia-de-lopez-obrador-en-mexico","status":"publish","type":"post","link":"https:\/\/diarioelpopular.com\/index.php\/2020\/06\/29\/manifestantes-en-ruidosa-caravana-piden-renuncia-de-lopez-obrador-en-mexico\/","title":{"rendered":"Manifestantes, en ruidosa caravana, piden renuncia de L\u00f3pez Obrador en M\u00e9xico"},"content":{"rendered":"<div id=\"attachment_492430\" style=\"width: 646px\" class=\"wp-caption alignnone\"><img loading=\"lazy\" decoding=\"async\" aria-describedby=\"caption-attachment-492430\" class=\"size-custom-full-size wp-image-492430\" src=\"https:\/\/diarioelpopular.com\/wp-content\/uploads\/2020\/06\/manifestacio--n-636x423.jpg\" alt=\"\" width=\"636\" height=\"423\" \/><p id=\"caption-attachment-492430\" class=\"wp-caption-text\"><em>Unos 300 carros hicieron sonar bocinas por las c\u00e9ntricas calles mexicanas este domingo en protesta al manejo pol\u00edtico del presidente Andr\u00e9s Manuel L\u00f3pez Obrador.<\/em><\/p><\/div>\n<p>&nbsp;<\/p>\n<h4>\u00a0\u00a0<em><strong>Centenares de autom\u00f3viles recorrieron este domingo Ciudad de M\u00e9xico para exigir la renuncia del presidente Andr\u00e9s Manuel L\u00f3pez Obrador, en una nueva convocatoria de grupos opositores que rechazan sus pol\u00edticas y su gesti\u00f3n de la pandemia de coronavirus.<\/strong><\/em><\/h4>\n<p><em><strong>Ciudad de M\u00e9xico, 29 JUNIO.-<\/strong><\/em>Al menos 300 autom\u00f3viles y una treintena de motocicletas y bicicletas formaron el ruidoso convoy que recorri\u00f3 la Avenida Reforma, en una convocatoria del Frente Nacional AntiAMLO (Frena) y otros grupos de oposici\u00f3n, que por tercera semana consecutiva mostraron su inconformidad con las pol\u00edticas gubernamentales del mandatario izquierdista, en el poder desde diciembre de 2018.<\/p>\n<p>&#8220;\u00a1Queremos que renuncie (L\u00f3pez Obrador) porque destruy\u00f3 el pa\u00eds, uno de los m\u00e1s ricos del mundo! Ya no hay m\u00e1s plazo&#8221;, dijo a la AFP Guillermo Garc\u00eda, empleado de 59 a\u00f1os y participante en la protesta.<\/p>\n<p>&#8220;Si quiere una Venezuela, mejor que se vaya a Cuba, si quieren un pa\u00eds socialista, que se vayan a un pa\u00eds socialista&#8221;, agreg\u00f3 el hombre visiblemente molesto.<\/p>\n<p>Protesta con manejo de coronavirus La caravana busc\u00f3 expresar su repudio a AMLO -acr\u00f3nimo con el que se le conoce al presidente mexicano- a quien acusan de poner &#8220;en riesgo la soberan\u00eda, integridad e independencia&#8221; del pa\u00eds durante la emergencia sanitaria.<\/p>\n<p>Los convocantes dijeron que la protesta rodante tambi\u00e9n fue convocada en ciudades como Puebla, Cuernavaca, Quer\u00e9taro, Acapulco, Monterrey, Guadalajara, Chihuahua, Canc\u00fan y M\u00e9rida, entre otras.<\/p>\n<p>En Ciudad de M\u00e9xico, la caravana parti\u00f3 a las 11H00 (16H00 GMT) del emblem\u00e1tico \u00c1ngel de la Independencia, y avanz\u00f3 por todo el c\u00e9ntrico Paseo de la Reforma hasta llegar al Palacio de Bellas Artes, el recinto cultural m\u00e1s importante del pa\u00eds.<\/p>\n<p>El convoy avanz\u00f3 al son del ruido de los cl\u00e1xons y salpicado de banderas mexicanas y pancartas que versaban &#8220;AMLO, fuera&#8221;, &#8220;AMLO VetaYa&#8221; y &#8220;#AMLOseva&#8221;.<\/p>\n<p>&#8220;Nunca hab\u00edamos tenido un presidente tan ignorante y corrupto como este, que solo ve por su carrera pol\u00edtica&#8221;, dijo Dolores Alc\u00e1ntara, jubilada de 62 a\u00f1os.<\/p>\n<p>Reapertura de actividades postcoronavirus La protesta se realiz\u00f3 un d\u00eda antes de la reapertura parcial de restaurantes, hoteles, centros comerciales y sitios deportivos al aire libre en Ciudad de M\u00e9xico, luego de que las autoridades redujeran el nivel de alerta en la vigilancia epidemiol\u00f3gica por la pandemia.<\/p>\n<p>M\u00e9xico, con 127 millones de habitantes, registr\u00f3 hasta este s\u00e1bado 212 802 casos positivos de coronavirus y 26 381 defunciones, seg\u00fan el balance oficial.<\/p>\n","protected":false},"excerpt":{"rendered":"<p>&nbsp; \u00a0\u00a0Centenares de autom\u00f3viles recorrieron este domingo Ciudad de M\u00e9xico para exigir la renuncia del presidente Andr\u00e9s Manuel L\u00f3pez Obrador, en una nueva convocatoria de&hellip;<\/p>\n","protected":false},"author":99,"featured_media":0,"comment_status":"open","ping_status":"open","sticky":false,"template":"","format":"standard","meta":{"footnotes":""},"categories":[23],"tags":[],"class_list":["post-492429","post","type-post","status-publish","format-standard","hentry","category-latinoamerica"],"_links":{"self":[{"href":"https:\/\/diarioelpopular.com\/index.php\/wp-json\/wp\/v2\/posts\/492429","targetHints":{"allow":["GET"]}}],"collection":[{"href":"https:\/\/diarioelpopular.com\/index.php\/wp-json\/wp\/v2\/posts"}],"about":[{"href":"https:\/\/diarioelpopular.com\/index.php\/wp-json\/wp\/v2\/types\/post"}],"author":[{"embeddable":true,"href":"https:\/\/diarioelpopular.com\/index.php\/wp-json\/wp\/v2\/users\/99"}],"replies":[{"embeddable":true,"href":"https:\/\/diarioelpopular.com\/index.php\/wp-json\/wp\/v2\/comments?post=492429"}],"version-history":[{"count":1,"href":"https:\/\/diarioelpopular.com\/index.php\/wp-json\/wp\/v2\/posts\/492429\/revisions"}],"predecessor-version":[{"id":492431,"href":"https:\/\/diarioelpopular.com\/index.php\/wp-json\/wp\/v2\/posts\/492429\/revisions\/492431"}],"wp:attachment":[{"href":"https:\/\/diarioelpopular.com\/index.php\/wp-json\/wp\/v2\/media?parent=492429"}],"wp:term":[{"taxonomy":"category","embeddable":true,"href":"https:\/\/diarioelpopular.com\/index.php\/wp-json\/wp\/v2\/categories?post=492429"},{"taxonomy":"post_tag","embeddable":true,"href":"https:\/\/diarioelpopular.com\/index.php\/wp-json\/wp\/v2\/tags?post=492429"}],"curies":[{"name":"wp","href":"https:\/\/api.w.org\/{rel}","templated":true}]}}