{"id":492432,"date":"2020-06-29T12:22:18","date_gmt":"2020-06-29T16:22:18","guid":{"rendered":"https:\/\/diarioelpopular.com\/?p=492432"},"modified":"2020-06-29T12:22:18","modified_gmt":"2020-06-29T16:22:18","slug":"peru-con-mas-de-270-mil-casos-de-coronavirus-levantara-cuarentena-aunque-mantendra-algunas-restricciones","status":"publish","type":"post","link":"https:\/\/diarioelpopular.com\/index.php\/2020\/06\/29\/peru-con-mas-de-270-mil-casos-de-coronavirus-levantara-cuarentena-aunque-mantendra-algunas-restricciones\/","title":{"rendered":"Per\u00fa, con m\u00e1s de 270 mil casos de coronavirus, levantar\u00e1 cuarentena aunque mantendr\u00e1 algunas restricciones"},"content":{"rendered":"<div id=\"attachment_492434\" style=\"width: 646px\" class=\"wp-caption alignnone\"><img loading=\"lazy\" decoding=\"async\" aria-describedby=\"caption-attachment-492434\" class=\"size-custom-full-size wp-image-492434\" src=\"https:\/\/diarioelpopular.com\/wp-content\/uploads\/2020\/06\/coronavirus-peru-636x423.jpg\" alt=\"\" width=\"636\" height=\"423\" \/><p id=\"caption-attachment-492434\" class=\"wp-caption-text\"><em>Olinda Silvano, de la etnia shipibo conibo, habla con una trabajadora de una ONG ataviada con ropa de protecci\u00f3n contra el nuevo coronavirus, en el barrio de Cantagallo, en Lima, Per\u00fa. El pa\u00eds mantendr\u00e1 cuarentena en determinadas regiones con m\u00e1s contagios.<\/em><\/p><\/div>\n<p>&nbsp;<\/p>\n<h4><em><strong>El Gobierno peruano aprob\u00f3 el levantamiento de la cuarentena en la mayor\u00eda de regiones del pa\u00eds a partir de julio, aunque mantuvo algunas restricciones como el tr\u00e1nsito de menores de edad y ancianos en busca de mantener a raya el coronavirus.<\/strong><\/em><\/h4>\n<p><em><strong>LIMA, 29 JUNIO.-<\/strong> <\/em>En un decreto de urgencia difundido este fin de semana, el Gobierno dijo sin embargo que mantendr\u00e1 el toque de queda nocturno, de lunes a domingo a nivel nacional, en momentos en que el pa\u00eds andino est\u00e1 sumido en una crisis econ\u00f3mica por la pandemia que ha llevado adem\u00e1s al colapso de su sistema sanitario.<\/p>\n<p>Los casos de coronavirus subieron el viernes a 272 364 en Per\u00fa, que sobrpas\u00f3 a Espa\u00f1a para ocupar el sexto lugar de contagios a nivel global y consolidarse como el segundo brote m\u00e1s alto en Am\u00e9rica Latina despu\u00e9s de Brasil, seg\u00fan un recuento de Reuters.<\/p>\n<p>En tanto, el n\u00famero de fallecidos alcanz\u00f3 los 8761, seg\u00fan el \u00faltimo reporte del Ministerio de Salud.<\/p>\n<p>El mundo se acerca a los 10 millones de personas contagiadas de coronavirus Per\u00fa fue uno de los primeros en Am\u00e9rica Latina en imponer, a mediados de marzo, una cuarentena para intentar frenar la pandemia, y la hab\u00eda ampliado varias veces hasta fines de junio; pero desde mayo el Gobierno ha permitido el reinicio gradual de actividades productivas para reactivar la econom\u00eda.<\/p>\n<p><em><strong>Emergencia por zonas<\/strong><\/em><\/p>\n<p>De las 25 regiones que hay en el pa\u00eds, el Gobierno dispuso mantener la emergencia en siete regiones como Arequipa, la segunda m\u00e1s poblada del pa\u00eds, y otras ubicadas en el centro y en zonas de parte de la selva amaz\u00f3nica, donde los niveles de contagios a\u00fan se mantiene altos, seg\u00fan el decreto.<\/p>\n<p>&#8220;Es una cuarentena focalizada&#8221;, dijo el ministro de Defensa, Walter Martos, a la estaci\u00f3n de televisi\u00f3n por cable Canal N. &#8220;Tom\u00e1mos esta decisi\u00f3n tras escuchar a los expertos&#8221;, agreg\u00f3.<\/p>\n<p>Si bien el ritmo de aumento de contagios diario ha disminuido en los \u00faltimos d\u00edas, expertos en salud temen un rebrote o una segunda ola de infectados, en medio de la reapertura esta semana de centros comerciales y una crisis hospitalaria se refleja en la falta de ox\u00edgeno.<\/p>\n<p>El levantamiento de la cuarentena se produce en momentos en que pa\u00edses de la regi\u00f3n a\u00fan luchan para contener la enfermedad. En Argentina, el Gobierno anunci\u00f3 el viernes que la capital Buenos Aires volver\u00e1 a una etapa de un aislamiento obligatorio estricto desde el 1 de julio hasta el 17 de julio.<\/p>\n<p>Casi la mitad de todos los casos de COVID-19 del mundo est\u00e1n en Am\u00e9rica y los n\u00fameros siguen aumentando, dijo esta semana la Organizaci\u00f3n Panamericana de la Salud (OPS).<\/p>\n","protected":false},"excerpt":{"rendered":"<p>&nbsp; El Gobierno peruano aprob\u00f3 el levantamiento de la cuarentena en la mayor\u00eda de regiones del pa\u00eds a partir de julio, aunque mantuvo algunas restricciones&hellip;<\/p>\n","protected":false},"author":99,"featured_media":0,"comment_status":"open","ping_status":"open","sticky":false,"template":"","format":"standard","meta":{"footnotes":""},"categories":[23],"tags":[],"class_list":["post-492432","post","type-post","status-publish","format-standard","hentry","category-latinoamerica"],"_links":{"self":[{"href":"https:\/\/diarioelpopular.com\/index.php\/wp-json\/wp\/v2\/posts\/492432","targetHints":{"allow":["GET"]}}],"collection":[{"href":"https:\/\/diarioelpopular.com\/index.php\/wp-json\/wp\/v2\/posts"}],"about":[{"href":"https:\/\/diarioelpopular.com\/index.php\/wp-json\/wp\/v2\/types\/post"}],"author":[{"embeddable":true,"href":"https:\/\/diarioelpopular.com\/index.php\/wp-json\/wp\/v2\/users\/99"}],"replies":[{"embeddable":true,"href":"https:\/\/diarioelpopular.com\/index.php\/wp-json\/wp\/v2\/comments?post=492432"}],"version-history":[{"count":1,"href":"https:\/\/diarioelpopular.com\/index.php\/wp-json\/wp\/v2\/posts\/492432\/revisions"}],"predecessor-version":[{"id":492435,"href":"https:\/\/diarioelpopular.com\/index.php\/wp-json\/wp\/v2\/posts\/492432\/revisions\/492435"}],"wp:attachment":[{"href":"https:\/\/diarioelpopular.com\/index.php\/wp-json\/wp\/v2\/media?parent=492432"}],"wp:term":[{"taxonomy":"category","embeddable":true,"href":"https:\/\/diarioelpopular.com\/index.php\/wp-json\/wp\/v2\/categories?post=492432"},{"taxonomy":"post_tag","embeddable":true,"href":"https:\/\/diarioelpopular.com\/index.php\/wp-json\/wp\/v2\/tags?post=492432"}],"curies":[{"name":"wp","href":"https:\/\/api.w.org\/{rel}","templated":true}]}}