{"id":492436,"date":"2020-06-29T12:25:41","date_gmt":"2020-06-29T16:25:41","guid":{"rendered":"https:\/\/diarioelpopular.com\/?p=492436"},"modified":"2020-06-29T12:25:41","modified_gmt":"2020-06-29T16:25:41","slug":"en-la-pandemia-destaca-la-tremenda-desigualdad-existente-en-chile","status":"publish","type":"post","link":"https:\/\/diarioelpopular.com\/index.php\/2020\/06\/29\/en-la-pandemia-destaca-la-tremenda-desigualdad-existente-en-chile\/","title":{"rendered":"&#8220;En la pandemia destaca la tremenda desigualdad existente en Chile&#8221;"},"content":{"rendered":"<h4><img loading=\"lazy\" decoding=\"async\" class=\"alignnone size-custom-full-size wp-image-492437\" src=\"https:\/\/diarioelpopular.com\/wp-content\/uploads\/2020\/06\/foto_0000000720200628204953-636x385.jpg\" alt=\"\" width=\"636\" height=\"385\" \/><\/h4>\n<h4><em><strong>Ennio Vivaldi, rector de la Universidad de Chile analiz\u00f3 la situaci\u00f3n que se vive en Chile respecto a la desigualdad social que afecta a\u00fan m\u00e1s a la crisis sanitaria producto del Covid-19.<\/strong><\/em><\/h4>\n<p>&nbsp;<\/p>\n<p>En conversaci\u00f3n con el diario El Pa\u00eds de Espa\u00f1a, Vivaldi fue categ\u00f3rico al se\u00f1alar que, al analizar el momento por el que pasa Chile por la pandemia, no ser\u00eda err\u00f3neo relacionarlo al estallido social de octubre pasado, ya que &#8220;en la pandemia, lo primero que destaca justamente es la tremenda desigualdad existente en la sociedad chilena, que hace que la forma c\u00f3mo golpea a los sectores de las ciudades m\u00e1s privilegiados sea dram\u00e1ticamente distinta a c\u00f3mo lo hace en los sectores menos privilegiados&#8221;.<\/p>\n<p>&#8220;Una parte de los chilenos no sab\u00eda que una fracci\u00f3n muy importante de los ciudadanos com\u00edan en la noche en funci\u00f3n de lo que ganaban durante el d\u00eda. Por lo tanto, pedirle a alguien que respete la cuarentena era condenarlo a no tener qu\u00e9 comer, literalmente. Hasta octubre pasado, Chile parec\u00eda vivir feliz y contento sin asumir la desigualdad, la precariedad y el descontento que ahora estamos obligados a enfrentar&#8221;, complement\u00f3.<\/p>\n<p>El acad\u00e9mico explic\u00f3 que la poblaci\u00f3n m\u00e1s afectada por el virus se trata de &#8220;un Chile que no era parte de la conversaci\u00f3n&#8221;, por lo que ser\u00e1 clave las conversaciones y debates respecto a una nueva Constituci\u00f3n, ya que &#8220;resulta peligroso que volvamos de nuevo a una situaci\u00f3n en que prime \u2013justificadamente o no\u2013 la rabia&#8221;.<\/p>\n<p>Consultado sobre c\u00f3mo se vio afectada la salud p\u00fablica por el coronavirus, Vivaldi sostuvo que, aunque en el pa\u00eds existen &#8220;excelentes salubristas&#8221;, la brecha con el sistema privado es muy grande.<\/p>\n<p>&#8220;El sistema de salud p\u00fablico chileno ha sido brutalmente precarizado. Se han introducido formas de financiamiento que casi son contrarias a las tradiciones m\u00e9dicas m\u00e1s respetadas como, por ejemplo, que el sistema de transacciones comerciales est\u00e9n orientadas a los diagn\u00f3sticos&#8221;, detall\u00f3.<\/p>\n<p>Tambi\u00e9n fue consultado sobre el impacto del estallido social en el control que ha intentado tener el Gobierno sobre la pandemia. En esa l\u00ednea, manifest\u00f3 que &#8220;hay una desconfianza en la autoridad, sin lugar a dudas. No me gustar\u00eda meterme mucho en ese tema, pero si me forzara, uno se pregunta hasta qu\u00e9 punto el Gobierno vio en la pandemia una oportunidad de mejorar su imagen y eso lo incentiv\u00f3 a no ser ayudado&#8221;.<\/p>\n<p>Eso s\u00ed, se mostr\u00f3 contrario a pensar en el &#8220;c\u00f3mo se pod\u00edan haber hecho mejor las cosas&#8221;, se\u00f1alando que &#8220;en medio de un naufragio usted no se preocupa tanto de increpar al piloto como de intentar que la embarcaci\u00f3n no se hunda. Lo importante es que se enmiende el rumbo y rescato que hoy d\u00eda hay una voluntad aparentemente de escuchar a los acad\u00e9micos, al mundo de las universidades, a los t\u00e9cnicos, a los colegios profesionales&#8221;.<\/p>\n<p>Finalmente, se refiri\u00f3 al apoyo que se le debe dar, como universidad, al ministro de Salud, Enrique Paris. &#8220;La universidad p\u00fablica pertenece al Estado y por definici\u00f3n tiene que preocuparse del bien com\u00fan y no ser una pieza utilizable en el ajedrez de la pol\u00edtica por ning\u00fan due\u00f1o. Y hemos tratado de ser absolutamente consecuentes con ello. A la Universidad de Chile no le corresponde dar o quitar apoyo pol\u00edtico. Lo que corresponde es decir: somos parte del Estado y estamos disponibles para colaborar&#8221;, sentenci\u00f3.<\/p>\n","protected":false},"excerpt":{"rendered":"<p>Ennio Vivaldi, rector de la Universidad de Chile analiz\u00f3 la situaci\u00f3n que se vive en Chile respecto a la desigualdad social que afecta a\u00fan m\u00e1s&hellip;<\/p>\n","protected":false},"author":99,"featured_media":0,"comment_status":"open","ping_status":"open","sticky":false,"template":"","format":"standard","meta":{"footnotes":""},"categories":[23],"tags":[],"class_list":["post-492436","post","type-post","status-publish","format-standard","hentry","category-latinoamerica"],"_links":{"self":[{"href":"https:\/\/diarioelpopular.com\/index.php\/wp-json\/wp\/v2\/posts\/492436","targetHints":{"allow":["GET"]}}],"collection":[{"href":"https:\/\/diarioelpopular.com\/index.php\/wp-json\/wp\/v2\/posts"}],"about":[{"href":"https:\/\/diarioelpopular.com\/index.php\/wp-json\/wp\/v2\/types\/post"}],"author":[{"embeddable":true,"href":"https:\/\/diarioelpopular.com\/index.php\/wp-json\/wp\/v2\/users\/99"}],"replies":[{"embeddable":true,"href":"https:\/\/diarioelpopular.com\/index.php\/wp-json\/wp\/v2\/comments?post=492436"}],"version-history":[{"count":1,"href":"https:\/\/diarioelpopular.com\/index.php\/wp-json\/wp\/v2\/posts\/492436\/revisions"}],"predecessor-version":[{"id":492438,"href":"https:\/\/diarioelpopular.com\/index.php\/wp-json\/wp\/v2\/posts\/492436\/revisions\/492438"}],"wp:attachment":[{"href":"https:\/\/diarioelpopular.com\/index.php\/wp-json\/wp\/v2\/media?parent=492436"}],"wp:term":[{"taxonomy":"category","embeddable":true,"href":"https:\/\/diarioelpopular.com\/index.php\/wp-json\/wp\/v2\/categories?post=492436"},{"taxonomy":"post_tag","embeddable":true,"href":"https:\/\/diarioelpopular.com\/index.php\/wp-json\/wp\/v2\/tags?post=492436"}],"curies":[{"name":"wp","href":"https:\/\/api.w.org\/{rel}","templated":true}]}}