{"id":492440,"date":"2020-06-30T10:17:02","date_gmt":"2020-06-30T14:17:02","guid":{"rendered":"https:\/\/diarioelpopular.com\/?p=492440"},"modified":"2020-06-30T10:17:02","modified_gmt":"2020-06-30T14:17:02","slug":"mexico-cree-ver-un-alivio","status":"publish","type":"post","link":"https:\/\/diarioelpopular.com\/index.php\/2020\/06\/30\/mexico-cree-ver-un-alivio\/","title":{"rendered":"M\u00e9xico cree ver un alivio"},"content":{"rendered":"<div id=\"attachment_492441\" style=\"width: 160px\" class=\"wp-caption alignnone\"><img loading=\"lazy\" decoding=\"async\" aria-describedby=\"caption-attachment-492441\" class=\"size-thumbnail wp-image-492441\" src=\"https:\/\/diarioelpopular.com\/wp-content\/uploads\/2020\/06\/dd8b8ebff3d592ab975b1f1e3efac678-150x150.jpg\" alt=\"\" width=\"150\" height=\"150\" \/><p id=\"caption-attachment-492441\" class=\"wp-caption-text\"><em>Controles en la periferia de Ciudad de M\u00e9xico (foto: ANSA)<\/em><\/p><\/div>\n<p>&nbsp;<\/p>\n<h4><em>Zar sanitario dice que curva pas\u00f3 de 3,5 a 2,1%; expertos dudan<\/em><\/h4>\n<p>&nbsp;<\/p>\n<p><em><strong>CIUDAD DE MEXICO, 29 JUN &#8211;<\/strong><\/em> Hugo L\u00f3pez-Gatell, la cara visible de la guerra contra el Covid-19 en M\u00e9xico, se\u00f1al\u00f3 que la pandemia por fin se est\u00e1 desacelerando y que la curva se contagios pas\u00f3 de 3,5% a 2,1% esta semana, aunque algunos expertos creen que todav\u00eda est\u00e1 lejano el fin de la pesadilla. &#8220;Hay un indicador muy claro de desaceleraci\u00f3n de la epidemia que lo podemos ver a trav\u00e9s de este porcentaje de cambio en los casos que se presentan diariamente&#8221;, indic\u00f3 el portavoz del equipo de respuesta del gobierno federal a esta crisis sanitaria.<br \/>\nDel lunes al s\u00e1bado pasados se identific\u00f3 un freno en el porcentaje de casos (el llamado \u00edndice de reproducci\u00f3n o cifra de personas que contagian a otras) que pas\u00f3 del 3,5% el lunes, al 3,5% el martes, el 4,1% el mi\u00e9rcoles, el 3% el jueves, el 2,9% el viernes y el 2,1% el s\u00e1bado.<br \/>\n&#8220;Gracias a la actuaci\u00f3n responsable de la poblaci\u00f3n y a las medidas implementadas por los respectivos gobiernos de los estados, se evit\u00f3 que la situaci\u00f3n por la crisis sanitaria en M\u00e9xico fuera peor&#8221;, expuso L\u00f3pez-Gatell, viceministro de Salud, quien enfrenta una oleada de cr\u00edticas por la gesti\u00f3n de la peste.<br \/>\nEn particular, se le suelen reprochar sus fallidos pron\u00f3sticos sobre el fin de la pandemia, aunque \u00e9l argumenta que se trata de modelos matem\u00e1ticos que var\u00edan con el tiempo, y por su rechazo al uso generalizado de barbijos y de pruebas masivas de diagn\u00f3stico.<br \/>\n&#8220;Nosotros reconocemos, desde el gobierno federal, que la mitigaci\u00f3n y las medidas de reconversi\u00f3n hospitalaria han permitido que en M\u00e9xico no se rebasen los hospitales, como desafortunadamente s\u00ed ocurri\u00f3 en los pa\u00edses que tuvieron una epidemia muy abrupta, muy r\u00e1pida&#8221;, afirm\u00f3.<br \/>\nSin embargo, desalent\u00f3 toda expectativa de que la epidemia de milagro concluya &#8220;de forma s\u00fabita&#8221; y record\u00f3 que la crisis podr\u00eda extenderse hasta el mes de octubre pr\u00f3ximo y el &#8220;avance ser\u00e1 por regiones&#8221;.<br \/>\n&#8220;Quien vea que se va a acabar s\u00fabitamente la epidemia, no est\u00e1 entendiendo el concepto. Hemos dicho que se va a terminar hasta octubre en algunos estados, pero en algunos municipios, se va a acabar antes&#8221;, se\u00f1al\u00f3. Por ejemplo, hizo notar que en los estados de Jalisco (occidente) y Nuevo Le\u00f3n (norte), cuyas capitales figuran en segundo y tercer lugar en importancia del pa\u00eds, llegar\u00e1 hasta octubre, &#8220;e ir\u00e1 declinando progresivamente&#8221;.<br \/>\nEl balance m\u00e1s actual del gobierno de M\u00e9xico, segundo pa\u00eds en Am\u00e9rica Latina con mayor mortalidad, contabiliza 216.852 contagios y 26.648 muertos, con un \u00edndice de letalidad del 12,3%, uno de los m\u00e1s elevados del mundo.<br \/>\nEn el \u00faltimo reporte se reportaron 267 nuevas muertes y 4.050 casos adicionales pero no necesariamente correspondientes a un d\u00eda espec\u00edfico, sino acumulados.<br \/>\nEl portavoz oficial pidi\u00f3 a la poblaci\u00f3n que se apegue a las medidas sanitarias de prevenci\u00f3n, como el lavado constante de manos, el uso de barbijos y el confinamiento en casi la mitad de los estados del pa\u00eds donde todav\u00eda no ha finalizado la larga cuarentena iniciada el 23 de marzo pasado.<br \/>\n&#8220;Si las personas salen al espacio p\u00fablico, pero conservan la sana distancia, se lavan las manos, hacen el estornudo de etiqueta, no salen cuando tienen s\u00edntomas, porque saben que podr\u00edan estar enfermos, eso va reduciendo la proporci\u00f3n de personas&#8221; capaces de contagiar, indic\u00f3.<br \/>\nEn especial sugiri\u00f3 a personas con enfermedades cr\u00f3nicas como diabetes, hipertensi\u00f3n, obesidad m\u00f3rbida, entre otras, enfermedades, as\u00ed como mujeres embarazadas, ancianos y ni\u00f1os de menos de 12 a\u00f1os, permanecer resguardados en casa.<br \/>\nLas autoridades temen que cuando se reduzca el Covid-19 a niveles bajos, en octubre pr\u00f3ximo, comience una segunda oleada por la llegada del oto\u00f1o (boreal) y el inicio de la temporada de influenza, que es end\u00e9mica.<br \/>\nPor esa raz\u00f3n, han indicado que se anticipar\u00e1 la campa\u00f1a de inmunidad contra la gripe posiblemente para agosto, aunque no podr\u00e1n vacunarse aquellos que sean positivos a coronavirus, aunque sean casos leves o asintom\u00e1ticos.<br \/>\nDe todos modos, L\u00f3pez-Gatell record\u00f3 que el Covid &#8220;lleg\u00f3 para quedarse&#8221; pues &#8220;epidemias anteriores ilustran que las enfermedades emergentes por nuevos virus una vez que se establecen en la especie humana pueden permanecer varios a\u00f1os con regresos, reca\u00eddas y rebrotes&#8221;.<\/p>\n","protected":false},"excerpt":{"rendered":"<p>&nbsp; Zar sanitario dice que curva pas\u00f3 de 3,5 a 2,1%; expertos dudan &nbsp; CIUDAD DE MEXICO, 29 JUN &#8211; Hugo L\u00f3pez-Gatell, la cara visible&hellip;<\/p>\n","protected":false},"author":99,"featured_media":0,"comment_status":"open","ping_status":"open","sticky":false,"template":"","format":"standard","meta":{"footnotes":""},"categories":[23],"tags":[],"class_list":["post-492440","post","type-post","status-publish","format-standard","hentry","category-latinoamerica"],"_links":{"self":[{"href":"https:\/\/diarioelpopular.com\/index.php\/wp-json\/wp\/v2\/posts\/492440","targetHints":{"allow":["GET"]}}],"collection":[{"href":"https:\/\/diarioelpopular.com\/index.php\/wp-json\/wp\/v2\/posts"}],"about":[{"href":"https:\/\/diarioelpopular.com\/index.php\/wp-json\/wp\/v2\/types\/post"}],"author":[{"embeddable":true,"href":"https:\/\/diarioelpopular.com\/index.php\/wp-json\/wp\/v2\/users\/99"}],"replies":[{"embeddable":true,"href":"https:\/\/diarioelpopular.com\/index.php\/wp-json\/wp\/v2\/comments?post=492440"}],"version-history":[{"count":1,"href":"https:\/\/diarioelpopular.com\/index.php\/wp-json\/wp\/v2\/posts\/492440\/revisions"}],"predecessor-version":[{"id":492442,"href":"https:\/\/diarioelpopular.com\/index.php\/wp-json\/wp\/v2\/posts\/492440\/revisions\/492442"}],"wp:attachment":[{"href":"https:\/\/diarioelpopular.com\/index.php\/wp-json\/wp\/v2\/media?parent=492440"}],"wp:term":[{"taxonomy":"category","embeddable":true,"href":"https:\/\/diarioelpopular.com\/index.php\/wp-json\/wp\/v2\/categories?post=492440"},{"taxonomy":"post_tag","embeddable":true,"href":"https:\/\/diarioelpopular.com\/index.php\/wp-json\/wp\/v2\/tags?post=492440"}],"curies":[{"name":"wp","href":"https:\/\/api.w.org\/{rel}","templated":true}]}}