{"id":492458,"date":"2020-06-30T11:00:39","date_gmt":"2020-06-30T15:00:39","guid":{"rendered":"https:\/\/diarioelpopular.com\/?p=492458"},"modified":"2020-06-30T11:00:39","modified_gmt":"2020-06-30T15:00:39","slug":"el-alto-costo-que-guayaquil-pago-por-la-inmunizacion","status":"publish","type":"post","link":"https:\/\/diarioelpopular.com\/index.php\/2020\/06\/30\/el-alto-costo-que-guayaquil-pago-por-la-inmunizacion\/","title":{"rendered":"El alto costo que Guayaquil pag\u00f3 por la inmunizaci\u00f3n"},"content":{"rendered":"<div id=\"attachment_492459\" style=\"width: 160px\" class=\"wp-caption alignnone\"><img loading=\"lazy\" decoding=\"async\" aria-describedby=\"caption-attachment-492459\" class=\"size-thumbnail wp-image-492459\" src=\"https:\/\/diarioelpopular.com\/wp-content\/uploads\/2020\/06\/5e88135a88633-150x150.jpeg\" alt=\"\" width=\"150\" height=\"150\" \/><p id=\"caption-attachment-492459\" class=\"wp-caption-text\"><em>Personal del ministerio de Salud en las visitas en el norte de la ciudad costera de Guayaquil, la m\u00e1s golpeada por la pandemia, para hacer pruebas aleatoria<\/em>s.<\/p><\/div>\n<h4><strong><em>En esa ciudad,\u00a0m\u00e1s de 1,5 millones personas estuvieron expuestas al coronavirus,\u00a0dicen expertos.<\/em><\/strong><\/h4>\n<p id=\"p512442-m366-365-367\" class=\"contenido\">Guayaquil, ciudad costera de <a href=\"https:\/\/www.eltiempo.com\/noticias\/ecuador\">Ecuador,<\/a> pas\u00f3 en<strong> solo dos meses de ser el epicentro del coronavirus a ser la urbe con el \u00edndice m\u00e1s bajo de contagios <\/strong>y de muertes por efectos de la pandemia provocada por el covid-19.<\/p>\n<p>Entre el 1.\u00ba de marzo al 30 de abril, la provincia del Guayas, y particularmente su capital, Guayaquil, ocup\u00f3 las portadas medi\u00e1ticas que registraron la crisis sanitaria m\u00e1s grave de su historia, que dej\u00f3 m\u00e1s de ocho mil muertos y convirti\u00f3 a Ecuador en el pa\u00eds de Am\u00e9rica Latina con la mayor tasa de incidencia y mortalidad per c\u00e1pita a causa de la enfermedad.<\/p>\n<p id=\"p512442-m410-2-411\" class=\"contenido\">\u201cGuayaquil tuvo m\u00e1s de un mill\u00f3n y medio de personas expuestas al virus y la tasa de mortalidad fue superior a los diez mil\u201d, considera el epidemi\u00f3logo y miembro del Foro permanente de la Salud Francisco Andino, basado en proyecciones y c\u00e1lculos matem\u00e1ticos que le permiten asegurar a EL TIEMPO que \u201cya pas\u00f3 lo peor\u201d.<\/p>\n<p>Lo peor se refiere a las dolorosas escenas que se registraron entre marzo y abril por las centenas de muertos en centros hospitalarios y domicilios.<\/p>\n<p class=\"contenido\">Ecuador y Guayaquil a\u00fan lloran por las im\u00e1genes de cuerpos en las calles porque los familiares, abrumados por el temor al contagio y el olor putrefacto, decidieron abandonarlos ante la ausencia de ayuda estatal emergente y de un saturado e inexperto sistema sanitario que no dio abasto para levantar los cad\u00e1veres de las casas.<\/p>\n<div id=\"p512442-m416-3-417\" class=\"fotografia\">\n<div class=\"imagen-cuerpo-bk\"><\/div>\n<div class=\"figcaption-cuerpo-bk credito-image-bk\">\n<div class=\"credito-apertura-strong-bk credito-image-bk\">\n<p id=\"m434-2-435\" class=\"autor\">FP<span style=\"line-height: 1.5;\">Cuerpos extraviados, pacientes vivos dados por fallecidos, cad\u00e1veres confundidos y entregados a familias que los lloraron sin ser su ser querido forman parte de la dolorosa tragedia que dej\u00f3 la pandemia.<\/span><\/p>\n<\/div>\n<\/div>\n<\/div>\n<p id=\"p512442-m442-4-443\" class=\"contenido\">\nLas cifras oficiales distan mucho de la realidad descrita por los expertos. Hasta este lunes, el Comit\u00e9 de Operaciones de Emergencia (COE) hab\u00eda informado que de 55.665 contagiados en todo el pa\u00eds, 15.000 pertenecen a la provincia del Guayas, y que de un registro de 4.502 fallecidos por covid-19, 1.579 est\u00e1n en esa regi\u00f3n.<\/p>\n<p>Por eso, el doctor Andino habla de que el Gobierno debe \u201cdarse un ba\u00f1o de verdad y transparencia\u201d y reconocer lo que pas\u00f3 en la ciudad \u201cque el Gobierno dej\u00f3 a su suerte\u201d.<br \/>\nLas cifras que maneja Andino determinan que al menos un 70 por ciento de los habitantes de esta zona ecuatoriana estuvieron expuestos al virus. Y aunque el porcentaje de contagiados difiere entre estudios que hablan de un 40 a 60 por ciento, el resultado es que Guayaquil se autoinmuniz\u00f3.<\/p>\n<p class=\"contenido\">En eso concuerda el m\u00e9dico y catedr\u00e1tico de la Universidad Central del Ecuador Alberto Narv\u00e1ez Olalla. \u201cGuayaquil se inmuniz\u00f3 a un alto costo, la p\u00e9rdida de miles de vidas\u201d, dijo a este medio Narv\u00e1ez, al explicar que cuando hay \u201cesa cantidad de contagiados se produce la inmunidad colectiva o inmunidad de reba\u00f1o\u201d, por lo que la velocidad de transmisi\u00f3n disminuye.<\/p>\n<p>Guayaquil, que lleg\u00f3 a registrar hasta 2.670 contagiados en 24 horas, pas\u00f3 el 20 de mayo a sem\u00e1foro amarillo y, seg\u00fan Narv\u00e1ez, por la crisis sanitaria la poblaci\u00f3n es m\u00e1s cautelosa en el cuidado y las medidas de protecci\u00f3n.<\/p>\n<p>A estas medidas se suma un proceso liderado por la municipalidad que con al menos 20 equipos sanitarios realizaron una \u201cb\u00fasqueda activa\u201d casa por casa, analizando a cerca de 50.000 personas.<\/p>\n<div id=\"p512442-m480-7-481\" class=\"articulo-quote\">\n<div class=\"quote-bk\">\n<p id=\"m485-484-486\" class=\"mensaje\">Guayaquil se inmuniz\u00f3 a un alto costo, la p\u00e9rdida de miles de vidas<\/p>\n<\/div>\n<\/div>\n<p id=\"p512442-m504-8-505\" class=\"contenido\">Andino asegura que \u201cla intervenci\u00f3n de la epidemia desde el principio da resultado y lo realizado en Guayaquil es fundamental para mostrarla al mundo\u201d.<\/p>\n<p class=\"contenido\">Pero en Guayaquil las heridas a\u00fan no se cierran. Al menos 132 de cad\u00e1veres no han sido entregados a sus familiares. Muchos fallecidos en hospitales o retirados de sus casas se encuentran desaparecidos o no han sido identificados, por lo que la Defensor\u00eda del Pueblo interpuso una acci\u00f3n de protecci\u00f3n para exigir respuestas.<\/p>\n<p>No se descarta acudir a la Comisi\u00f3n Interamericana de Derechos Humanos para denunciar la vulneraci\u00f3n de los derechos de las v\u00edctimas y sus familias.<\/p>\n","protected":false},"excerpt":{"rendered":"<p>En esa ciudad,\u00a0m\u00e1s de 1,5 millones personas estuvieron expuestas al coronavirus,\u00a0dicen expertos. Guayaquil, ciudad costera de Ecuador, pas\u00f3 en solo dos meses de ser el&hellip;<\/p>\n","protected":false},"author":99,"featured_media":0,"comment_status":"open","ping_status":"open","sticky":false,"template":"","format":"standard","meta":{"footnotes":""},"categories":[23],"tags":[],"class_list":["post-492458","post","type-post","status-publish","format-standard","hentry","category-latinoamerica"],"_links":{"self":[{"href":"https:\/\/diarioelpopular.com\/index.php\/wp-json\/wp\/v2\/posts\/492458","targetHints":{"allow":["GET"]}}],"collection":[{"href":"https:\/\/diarioelpopular.com\/index.php\/wp-json\/wp\/v2\/posts"}],"about":[{"href":"https:\/\/diarioelpopular.com\/index.php\/wp-json\/wp\/v2\/types\/post"}],"author":[{"embeddable":true,"href":"https:\/\/diarioelpopular.com\/index.php\/wp-json\/wp\/v2\/users\/99"}],"replies":[{"embeddable":true,"href":"https:\/\/diarioelpopular.com\/index.php\/wp-json\/wp\/v2\/comments?post=492458"}],"version-history":[{"count":1,"href":"https:\/\/diarioelpopular.com\/index.php\/wp-json\/wp\/v2\/posts\/492458\/revisions"}],"predecessor-version":[{"id":492460,"href":"https:\/\/diarioelpopular.com\/index.php\/wp-json\/wp\/v2\/posts\/492458\/revisions\/492460"}],"wp:attachment":[{"href":"https:\/\/diarioelpopular.com\/index.php\/wp-json\/wp\/v2\/media?parent=492458"}],"wp:term":[{"taxonomy":"category","embeddable":true,"href":"https:\/\/diarioelpopular.com\/index.php\/wp-json\/wp\/v2\/categories?post=492458"},{"taxonomy":"post_tag","embeddable":true,"href":"https:\/\/diarioelpopular.com\/index.php\/wp-json\/wp\/v2\/tags?post=492458"}],"curies":[{"name":"wp","href":"https:\/\/api.w.org\/{rel}","templated":true}]}}