{"id":492462,"date":"2020-06-30T11:55:06","date_gmt":"2020-06-30T15:55:06","guid":{"rendered":"https:\/\/diarioelpopular.com\/?p=492462"},"modified":"2020-06-30T11:55:06","modified_gmt":"2020-06-30T15:55:06","slug":"el-consejo-de-toronto-hara-que-las-mascarillas-sean-obligatorias-en-entornos-publicos-cerrados","status":"publish","type":"post","link":"https:\/\/diarioelpopular.com\/index.php\/2020\/06\/30\/el-consejo-de-toronto-hara-que-las-mascarillas-sean-obligatorias-en-entornos-publicos-cerrados\/","title":{"rendered":"El consejo de Toronto har\u00e1 que las mascarillas sean obligatorias en entornos p\u00fablicos cerrados"},"content":{"rendered":"<p><img loading=\"lazy\" decoding=\"async\" class=\"alignnone size-custom-full-size wp-image-492465\" src=\"https:\/\/diarioelpopular.com\/wp-content\/uploads\/2020\/06\/Screen-Shot-2020-06-30-at-11.50.15-AM-1-636x237.png\" alt=\"\" width=\"636\" height=\"237\" \/><\/p>\n<h4><em><strong>El alcalde John Tory dijo que votar\u00e1 a favor de hacer que las m\u00e1scaras faciales sean obligatorias para usar en lugares p\u00fablicos cerrados, por recomendaci\u00f3n del director m\u00e9dico de salud de la ciudad en medio de la pandemia de coronavirus.<\/strong><\/em><\/h4>\n<h4><em><strong>&#8211; 157 nuevos casos de coronavirus, 7 muertes en Ontario; total de casos a 35,068<\/strong><\/em><\/h4>\n<p><em><strong>TORONTO.<\/strong><\/em>&#8211; Tory hizo el anuncio en una conferencia de prensa este martes temprano y dijo que si se aprueba, el reglamento ser\u00e1 obligatorio una semana despu\u00e9s del martes.<\/p>\n<p>&#8220;El riesgo de propagaci\u00f3n de COVID-19 contin\u00faa&#8221;, dijo el Dr. Eileen de Villa. &#8220;Si bien la ciencia de las m\u00e1scaras todav\u00eda est\u00e1 evolucionando, todav\u00eda hay un creciente cuerpo de evidencia emergente que muestra que las m\u00e1scaras no m\u00e9dicas pueden ayudar a prevenir la propagaci\u00f3n de COVID-19&#8221;.<\/p>\n<p>De Villa dijo que est\u00e1 pidiendo que el ayuntamiento promulgue la ordenanza temporal y que el gobierno provincial y federal hagan lo mismo.<\/p>\n<p>\u201cLa realidad es que el virus contin\u00faa circulando y a\u00fan debemos ser cuidadosos.<\/p>\n<p>Toronto se encuentra actualmente en la Etapa 2 de la fase de reapertura.<\/p>\n<p>Los alcaldes del \u00e1rea metropolitana de Toronto y Hamilton solicitaron ayer al primer ministro Doug Ford que las m\u00e1scaras sean obligatorias en todo Ontario.<\/p>\n<p>Ford rechaz\u00f3 la idea, por lo que Tory, as\u00ed como el alcalde de Mississauga, Bonnie Crombie y el alcalde de Brampton, Patrick Brown, anunciaron su intenci\u00f3n de hacer que las m\u00e1scaras sean obligatorias en sus municipios.<\/p>\n<p>Tory se\u00f1al\u00f3 que su orden entrar\u00eda en vigencia poco despu\u00e9s de que las m\u00e1scaras sean obligatorias en el TTC.<\/p>\n<p>El reglamento entrar\u00eda en vigencia hasta una reuni\u00f3n del consejo de la ciudad en el oto\u00f1o, dijo Tory, donde el consejo podr\u00eda votar nuevamente sobre una posible extensi\u00f3n.<\/p>\n<p>Tory y de Villa dijeron que usar una m\u00e1scara, sin embargo, no significa que las personas dejen de practicar otras medidas de salud, como distanciarse f\u00edsicamente, lavarse las manos con frecuencia y quedarse en casa cuando se sienten enfermas.<\/p>\n<p>Los ni\u00f1os menores de 2 a\u00f1os, las personas con afecciones m\u00e9dicas o aquellos que no pueden quitarse una m\u00e1scara sin asistencia estar\u00e1n exentos de la ordenanza.<\/p>\n<p>&nbsp;<\/p>\n<h4><em><strong>157 nuevos casos de coronavirus, 7 muertes en Ontario; total de casos a 35,068<\/strong><\/em><\/h4>\n<p><img loading=\"lazy\" decoding=\"async\" class=\"alignnone size-custom-full-size wp-image-492464\" src=\"https:\/\/diarioelpopular.com\/wp-content\/uploads\/2020\/06\/Screen-Shot-2020-06-30-at-11.47.23-AM-636x336.png\" alt=\"\" width=\"636\" height=\"336\" \/><\/p>\n<p><em>Actualizado martes 30 de junio de 2020 10:40 a.m.<\/em><\/p>\n<p>Ontario report\u00f3 157 nuevos casos del nuevo coronavirus el martes, elevando el total provincial a 35,068.<\/p>\n<p>La provincia hab\u00eda estado, en general, viendo nuevas cifras diarias de infecci\u00f3n en declive en las \u00faltimas tres semanas.<\/p>\n<p>El n\u00famero de muertos en la provincia aument\u00f3 a 2.672, ya que se informaron siete muertes m\u00e1s.<\/p>\n<p>Mientras tanto, 30.344 habitantes de Ontario se han recuperado de COVID-19, la enfermedad causada por el virus, que es el 86 por ciento de los casos.<\/p>\n<p>Ontario ha completado 1,383,566 pruebas hasta ahora para el virus. Esto representa 23,759 pruebas del d\u00eda anterior.<\/p>\n<p>El informe del martes indica que la mayor\u00eda de los casos nuevos provienen del \u00e1rea metropolitana de Toronto, con Toronto viendo 47 casos nuevos, Peel Region con 31 casos m\u00e1s y York Region agregando 21 casos nuevos.<\/p>\n<p>Windsor-Essex, que ha estado en el centro de los brotes agr\u00edcolas entre los trabajadores migrantes, report\u00f3 17 casos m\u00e1s. Hamilton registr\u00f3 14 nuevos casos.<\/p>\n<p>Todas las dem\u00e1s unidades de salud p\u00fablica en Ontario informaron cero o menos de 10 casos nuevos.<\/p>\n<p>Hay 19.318 personas actualmente bajo investigaci\u00f3n en espera de los resultados de las pruebas.<\/p>\n<p>Los nuevos n\u00fameros reportados son v\u00e1lidos a partir de las 2 p.m. Lunes para las unidades de salud p\u00fablica de Toronto, Ottawa y Middlesex-Londres y 4 p.m. Lunes para el resto de la provincia.<\/p>\n<p>Ontario tiene 213 pacientes (19 por ciento menos que el d\u00eda anterior) hospitalizados debido a COVID-19, con 42 pacientes en una unidad de cuidados intensivos (cuatro por ciento) y 34 pacientes en UCI con ventilador (uno por uno).<\/p>\n<p>Seg\u00fan el Ministerio de Atenci\u00f3n a Largo Plazo, se han reportado 1,809 muertes entre residentes y pacientes en hogares de atenci\u00f3n a largo plazo en Ontario, y hay 55 brotes actuales. Siete trabajadores de la salud en hogares de cuidado a largo plazo han muerto.<\/p>\n<p>Los funcionarios de Ontario han dicho que puede haber una discrepancia entre las muertes generales y las muertes en hogares de cuidado a largo plazo debido a c\u00f3mo el sistema de base de datos de salud de la provincia, llamado iPHIS, est\u00e1 rastreando datos y c\u00f3mo el Ministerio de Cuidado a Largo Plazo est\u00e1 rastreando datos.<\/p>\n<p>El ministerio tambi\u00e9n indic\u00f3 que actualmente hay 184 casos confirmados entre los residentes de atenci\u00f3n a largo plazo y 316 casos entre el personal.<\/p>\n","protected":false},"excerpt":{"rendered":"<p>El alcalde John Tory dijo que votar\u00e1 a favor de hacer que las m\u00e1scaras faciales sean obligatorias para usar en lugares p\u00fablicos cerrados, por recomendaci\u00f3n&hellip;<\/p>\n","protected":false},"author":99,"featured_media":0,"comment_status":"open","ping_status":"open","sticky":false,"template":"","format":"standard","meta":{"footnotes":""},"categories":[21,11191],"tags":[],"class_list":["post-492462","post","type-post","status-publish","format-standard","hentry","category-canada","category-top-news"],"_links":{"self":[{"href":"https:\/\/diarioelpopular.com\/index.php\/wp-json\/wp\/v2\/posts\/492462","targetHints":{"allow":["GET"]}}],"collection":[{"href":"https:\/\/diarioelpopular.com\/index.php\/wp-json\/wp\/v2\/posts"}],"about":[{"href":"https:\/\/diarioelpopular.com\/index.php\/wp-json\/wp\/v2\/types\/post"}],"author":[{"embeddable":true,"href":"https:\/\/diarioelpopular.com\/index.php\/wp-json\/wp\/v2\/users\/99"}],"replies":[{"embeddable":true,"href":"https:\/\/diarioelpopular.com\/index.php\/wp-json\/wp\/v2\/comments?post=492462"}],"version-history":[{"count":1,"href":"https:\/\/diarioelpopular.com\/index.php\/wp-json\/wp\/v2\/posts\/492462\/revisions"}],"predecessor-version":[{"id":492466,"href":"https:\/\/diarioelpopular.com\/index.php\/wp-json\/wp\/v2\/posts\/492462\/revisions\/492466"}],"wp:attachment":[{"href":"https:\/\/diarioelpopular.com\/index.php\/wp-json\/wp\/v2\/media?parent=492462"}],"wp:term":[{"taxonomy":"category","embeddable":true,"href":"https:\/\/diarioelpopular.com\/index.php\/wp-json\/wp\/v2\/categories?post=492462"},{"taxonomy":"post_tag","embeddable":true,"href":"https:\/\/diarioelpopular.com\/index.php\/wp-json\/wp\/v2\/tags?post=492462"}],"curies":[{"name":"wp","href":"https:\/\/api.w.org\/{rel}","templated":true}]}}