{"id":492467,"date":"2020-07-01T20:45:11","date_gmt":"2020-07-02T00:45:11","guid":{"rendered":"https:\/\/diarioelpopular.com\/?p=492467"},"modified":"2020-07-01T20:45:11","modified_gmt":"2020-07-02T00:45:11","slug":"brote-en-la-granja-de-windsor-essex-emiten-orden-de-aislamiento-paro-laboral","status":"publish","type":"post","link":"https:\/\/diarioelpopular.com\/index.php\/2020\/07\/01\/brote-en-la-granja-de-windsor-essex-emiten-orden-de-aislamiento-paro-laboral\/","title":{"rendered":"Brote en la granja de Windsor-Essex emiten orden de aislamiento, paro laboral"},"content":{"rendered":"<div id=\"attachment_492468\" style=\"width: 646px\" class=\"wp-caption alignnone\"><img loading=\"lazy\" decoding=\"async\" aria-describedby=\"caption-attachment-492468\" class=\"size-custom-full-size wp-image-492468\" src=\"https:\/\/diarioelpopular.com\/wp-content\/uploads\/2020\/07\/GAC11967178-636x458.jpg\" alt=\"\" width=\"636\" height=\"458\" \/><p id=\"caption-attachment-492468\" class=\"wp-caption-text\">La pandemia de COVID-19 ha demostrado que los trabajadores migrantes en Canad\u00e1 ya no pueden ser tratados como &#8220;personas descartables&#8221; como lo han sido en el pasado, dijeron los defensores este mi\u00e9rcoles. Los trabajadores realizan tareas de mantenimiento en el Grupo Scotlynn, donde 164 trabajadores migrantes dieron positivo por COVID-19 cerrando temporalmente las instalaciones de cultivo de esp\u00e1rragos durante la pandemia de COVID-19 cerca de Vittoria, Ontario, en el condado de Norfolk.<\/p><\/div>\n<h4><em><strong>Funcionarios de salud en la regi\u00f3n de Windsor-Essex dicen que ordenaron un paro laboral en una granja que experiment\u00f3 un gran brote de COVID-19.<\/strong><\/em><\/h4>\n<p>&nbsp;<\/p>\n<p><em><strong>WINDSOR, ONTARIO.-<\/strong><\/em> La unidad local de salud p\u00fablica dijo que se registraron 191 casos del virus en la granja durante el fin de semana.<\/p>\n<p>El director m\u00e9dico, Dr. Wajid Ahmed, emiti\u00f3 una orden obligatoria para la granja para garantizar que los empleados est\u00e9n aislados y dejen de trabajar como resultado del brote.<\/p>\n<p>Ahmed dijo que los esfuerzos de prueba espec\u00edficos contin\u00faan en las granjas en el \u00e1rea.<\/p>\n<p>La regi\u00f3n de Windsor-Essex tambi\u00e9n report\u00f3 nueve nuevos casos de COVID-19 el mi\u00e9rcoles, y siete de ellos ocurrieron en el sector agropecuario.<\/p>\n<p>Ontario no inform\u00f3 los n\u00fameros COVID-19 en toda la provincia el d\u00eda de Canad\u00e1, pero reanudar\u00e1 su informe diario este jueves.<\/p>\n","protected":false},"excerpt":{"rendered":"<p>Funcionarios de salud en la regi\u00f3n de Windsor-Essex dicen que ordenaron un paro laboral en una granja que experiment\u00f3 un gran brote de COVID-19. &nbsp;&hellip;<\/p>\n","protected":false},"author":99,"featured_media":0,"comment_status":"open","ping_status":"open","sticky":false,"template":"","format":"standard","meta":{"footnotes":""},"categories":[21,11191],"tags":[],"class_list":["post-492467","post","type-post","status-publish","format-standard","hentry","category-canada","category-top-news"],"_links":{"self":[{"href":"https:\/\/diarioelpopular.com\/index.php\/wp-json\/wp\/v2\/posts\/492467","targetHints":{"allow":["GET"]}}],"collection":[{"href":"https:\/\/diarioelpopular.com\/index.php\/wp-json\/wp\/v2\/posts"}],"about":[{"href":"https:\/\/diarioelpopular.com\/index.php\/wp-json\/wp\/v2\/types\/post"}],"author":[{"embeddable":true,"href":"https:\/\/diarioelpopular.com\/index.php\/wp-json\/wp\/v2\/users\/99"}],"replies":[{"embeddable":true,"href":"https:\/\/diarioelpopular.com\/index.php\/wp-json\/wp\/v2\/comments?post=492467"}],"version-history":[{"count":1,"href":"https:\/\/diarioelpopular.com\/index.php\/wp-json\/wp\/v2\/posts\/492467\/revisions"}],"predecessor-version":[{"id":492469,"href":"https:\/\/diarioelpopular.com\/index.php\/wp-json\/wp\/v2\/posts\/492467\/revisions\/492469"}],"wp:attachment":[{"href":"https:\/\/diarioelpopular.com\/index.php\/wp-json\/wp\/v2\/media?parent=492467"}],"wp:term":[{"taxonomy":"category","embeddable":true,"href":"https:\/\/diarioelpopular.com\/index.php\/wp-json\/wp\/v2\/categories?post=492467"},{"taxonomy":"post_tag","embeddable":true,"href":"https:\/\/diarioelpopular.com\/index.php\/wp-json\/wp\/v2\/tags?post=492467"}],"curies":[{"name":"wp","href":"https:\/\/api.w.org\/{rel}","templated":true}]}}