{"id":492499,"date":"2020-07-05T20:46:14","date_gmt":"2020-07-06T00:46:14","guid":{"rendered":"https:\/\/diarioelpopular.com\/?p=492499"},"modified":"2020-07-05T20:46:14","modified_gmt":"2020-07-06T00:46:14","slug":"mexico-esta-peor-que-lo-informado","status":"publish","type":"post","link":"https:\/\/diarioelpopular.com\/index.php\/2020\/07\/05\/mexico-esta-peor-que-lo-informado\/","title":{"rendered":"M\u00e9xico est\u00e1 peor que lo informado"},"content":{"rendered":"<div id=\"attachment_492500\" style=\"width: 160px\" class=\"wp-caption alignnone\"><img loading=\"lazy\" decoding=\"async\" aria-describedby=\"caption-attachment-492500\" class=\"size-thumbnail wp-image-492500\" src=\"https:\/\/diarioelpopular.com\/wp-content\/uploads\/2020\/07\/6e58363557cb21a8e1052c4165270e68-150x150.jpg\" alt=\"\" width=\"150\" height=\"150\" \/><p id=\"caption-attachment-492500\" class=\"wp-caption-text\"><em>La imagen de la desolaci\u00f3n frente a un mural en Acapulco, M\u00e9xico.<\/em><\/p><\/div>\n<p>&nbsp;<\/p>\n<h4><em><strong>Viceministro mexicano Salud anuncia ajustes en balance oficial<\/strong><\/em><\/h4>\n<p>&nbsp;<\/p>\n<p><em><strong>CIUDAD DE MEXICO, 5 JUL &#8211;<\/strong><\/em> El gobierno mexicano anunci\u00f3 que corregir\u00e1 la cifra oficial de muertes al admitir lo que para muchos especialistas era algo m\u00e1s que evidente, que la cifra de decesos podr\u00edan ser varias veces m\u00e1s alta que lo contabilizado hasta ahora debido a la pandemia de coronavirus.<br \/>\nEl \u00faltimo recuento oficial admite la existencia de 252.165 contagios y 30.366 muertos, pero el viceministro de Salud Hugo L\u00f3pez-Gatell, anticip\u00f3 que los v\u00edctimas podr\u00edan ser muchas m\u00e1s y prometi\u00f3 dar a conocer los n\u00fameros reales.<br \/>\nL\u00f3pez-Gatell indic\u00f3 que por medio de las c\u00e9dulas de defunci\u00f3n se corregir\u00e1n las cifras de muertes por Covid-19 en el pa\u00eds. &#8220;La cantidad de personas fallecidas por Covid podr\u00eda ser mayor, se habla de tres veces m\u00e1s de las que presentamos aqu\u00ed cada noche, pero se ha dicho varias veces&#8221;, dijo el funcionario.<br \/>\nEl rostro visible de la respuesta de las autoridades mexicanas contra la peste, se\u00f1al\u00f3 el viernes en una entrevista al diario estadounidense The New York Times que en la capital hubo tres veces m\u00e1s decesos entre marzo y mayo en la Ciudad de M\u00e9xico, la &#8220;zona cero&#8221; de la pandemia.<br \/>\nA su juicio, el subregistro obedece a que muchos pacientes de Covid &#8220;no fueron diagnosticados y murieron en su casa o incluso en el transporte p\u00fablico&#8221;, por lo cual indic\u00f3 que se &#8220;inici\u00f3 un proceso para identificar el n\u00famero de muertes&#8221; a partir de las actas de defunci\u00f3n.<br \/>\n&#8220;Todos los casos de personas que tienen causa de muerte que sugiere que pueda ser Covid, probable Covid, Covid a secas, neumon\u00eda o neumon\u00eda at\u00edpica&#8221; ser\u00e1n reevaluadas, afirm\u00f3.<br \/>\n&#8220;Los que resulten compatibles con muerte por Covid entrar\u00e1n a la estad\u00edstica&#8221;, indic\u00f3 el portavoz, blanco de cr\u00edticas constantes por sus fallidos pron\u00f3sticos sobre el fin de la pandemia, aunque otros lo defienden por su coherencia discursiva.<br \/>\nL\u00f3pez-Gatell desminti\u00f3 que intente ocultar informaci\u00f3n, pero dijo en tono pedag\u00f3gico que por ahora &#8220;no es posible tener cifras espec\u00edficas de la epidemia en M\u00e9xico&#8221;, por cuanto es algo que &#8220;no se puede medir&#8221; por ahora en forma pormenorizada.<br \/>\nTambi\u00e9n rechaz\u00f3 la comparaci\u00f3n con otros pa\u00edses y los titulares de los diarios donde se asegura que M\u00e9xico ya rebas\u00f3 a otros pa\u00edses en contagios esta semana, recordando que &#8220;donde hay m\u00e1s poblaci\u00f3n hay m\u00e1s posibilidad de que haya m\u00e1s eventos&#8221;.<br \/>\nHoy los principales medios dieron a conocer que despu\u00e9s de rebasar a Italia, M\u00e9xico ahora super\u00f3 a Francia por cifra de infecciones.<br \/>\nRecord\u00f3 que el sistema de salud de M\u00e9xico sufri\u00f3 &#8220;un abandono&#8221; en las \u00faltimas tres d\u00e9cadas y que la alimentaci\u00f3n de la gente se basa en &#8220;productos industriales con altos contenidos de az\u00facares, aditivos, sal y grasas saturadas que complican&#8221; el Covid-19.<br \/>\nEl portavoz para la pandemia desestim\u00f3 las comparaciones que se suelen hacer en t\u00e9rminos de mortalidad y ocurrencia de casos entre pa\u00edses, puesto que &#8220;cada naci\u00f3n tiene diferentes factores&#8221;.<br \/>\n&#8220;Contar casos y comparar pa\u00edses con poblaciones diferentes es un error metodol\u00f3gico, porque donde hay m\u00e1s poblaci\u00f3n existe la posibilidad de un mayor n\u00famero de eventos&#8221;, expuso.<br \/>\nEl ex ministro de Salud, Julio Frenk ha acusado al gobierno de M\u00e9xico de &#8220;subestimar gravemente&#8221; el n\u00famero de casos y muertes por Covid-19 y ha dicho que los guarismos &#8220;podr\u00edan ser mucho mayores&#8221;.<br \/>\nFrenk, presidente de la Universidad de Miami, Estados Unidos, expuso que la falta de informaci\u00f3n sobre la incidencia real de la pandemia &#8220;se debe a que casi no se han hecho pruebas en el pa\u00eds&#8221;, pues la vigilancia se basa en el viejo modelo &#8220;Centinela&#8221;, basado en una especie de encuesta que tiene &#8220;fallas metodol\u00f3gicas&#8221;.<br \/>\nPara el especialista hay una incertidumbre enorme que est\u00e1 deteniendo la eficacia, porque no sabemos d\u00f3nde est\u00e1n los focos rojos realmente en el pa\u00eds, dada est\u00e1 reticencia inexplicable para m\u00ed de hacer m\u00e1s pruebas&#8221;.<br \/>\nEn su opini\u00f3n, M\u00e9xico &#8220;est\u00e1 literalmente entre los \u00faltimos lugares, en Am\u00e9rica Latina, en materia de pruebas denominadas PCR o de diagn\u00f3stico, obviamente en los pa\u00edses de la Organizaci\u00f3n para la Cooperaci\u00f3n y el Desarrollo Econom\u00edco (OCDE).<br \/>\nFrenk indic\u00f3 que no hay un indicio adecuado de la tasa de letalidad porque \u00e9sta se calcula con base en el n\u00famero de muertes sobre el n\u00famero de casos y se desconoce el n\u00famero real de casos.<\/p>\n","protected":false},"excerpt":{"rendered":"<p>&nbsp; Viceministro mexicano Salud anuncia ajustes en balance oficial &nbsp; CIUDAD DE MEXICO, 5 JUL &#8211; El gobierno mexicano anunci\u00f3 que corregir\u00e1 la cifra oficial&hellip;<\/p>\n","protected":false},"author":99,"featured_media":0,"comment_status":"open","ping_status":"open","sticky":false,"template":"","format":"standard","meta":{"footnotes":""},"categories":[23],"tags":[],"class_list":["post-492499","post","type-post","status-publish","format-standard","hentry","category-latinoamerica"],"_links":{"self":[{"href":"https:\/\/diarioelpopular.com\/index.php\/wp-json\/wp\/v2\/posts\/492499","targetHints":{"allow":["GET"]}}],"collection":[{"href":"https:\/\/diarioelpopular.com\/index.php\/wp-json\/wp\/v2\/posts"}],"about":[{"href":"https:\/\/diarioelpopular.com\/index.php\/wp-json\/wp\/v2\/types\/post"}],"author":[{"embeddable":true,"href":"https:\/\/diarioelpopular.com\/index.php\/wp-json\/wp\/v2\/users\/99"}],"replies":[{"embeddable":true,"href":"https:\/\/diarioelpopular.com\/index.php\/wp-json\/wp\/v2\/comments?post=492499"}],"version-history":[{"count":1,"href":"https:\/\/diarioelpopular.com\/index.php\/wp-json\/wp\/v2\/posts\/492499\/revisions"}],"predecessor-version":[{"id":492501,"href":"https:\/\/diarioelpopular.com\/index.php\/wp-json\/wp\/v2\/posts\/492499\/revisions\/492501"}],"wp:attachment":[{"href":"https:\/\/diarioelpopular.com\/index.php\/wp-json\/wp\/v2\/media?parent=492499"}],"wp:term":[{"taxonomy":"category","embeddable":true,"href":"https:\/\/diarioelpopular.com\/index.php\/wp-json\/wp\/v2\/categories?post=492499"},{"taxonomy":"post_tag","embeddable":true,"href":"https:\/\/diarioelpopular.com\/index.php\/wp-json\/wp\/v2\/tags?post=492499"}],"curies":[{"name":"wp","href":"https:\/\/api.w.org\/{rel}","templated":true}]}}