{"id":492507,"date":"2020-07-05T21:06:47","date_gmt":"2020-07-06T01:06:47","guid":{"rendered":"https:\/\/diarioelpopular.com\/?p=492507"},"modified":"2020-07-05T21:06:47","modified_gmt":"2020-07-06T01:06:47","slug":"ministerio-de-salud-de-chile-reporta-otras-116-muertes-por-covid-y-3-685-nuevos-contagios","status":"publish","type":"post","link":"https:\/\/diarioelpopular.com\/index.php\/2020\/07\/05\/ministerio-de-salud-de-chile-reporta-otras-116-muertes-por-covid-y-3-685-nuevos-contagios\/","title":{"rendered":"Ministerio de Salud de Chile reporta otras 116 muertes por covid y 3.685 nuevos contagios"},"content":{"rendered":"<h4><img loading=\"lazy\" decoding=\"async\" class=\"alignnone size-custom-full-size wp-image-492508\" src=\"https:\/\/diarioelpopular.com\/wp-content\/uploads\/2020\/07\/foto_0000000720200705114210-636x385.jpg\" alt=\"\" width=\"636\" height=\"385\" \/><\/h4>\n<h4><em><strong>El total de casos lleg\u00f3 a 295.532, de ellos 28.194 se mantienen activos. Los pacientes recuperados son 261.032<\/strong><\/em><\/h4>\n<p>&nbsp;<\/p>\n<p>El Ministerio de Salud inform\u00f3 este domingo se inscribieron 116 muertes por covid-19 en el Registro Civil, con lo cual el total de fallecidos lleg\u00f3 a 6.308, de acuerdo a los nuevos criterios para llevar la cuenta de los decesos.<\/p>\n<p>En el detalle entregado por el subsecretario de Redes Asistenciales, Arturo Z\u00fa\u00f1iga, indic\u00f3 que en las \u00faltimas 24 horas se registraron 3.685 casos nuevos: 2.852 con s\u00edntomas, 438 asintom\u00e1ticos y 395 no notificados. <strong>El total de casos lleg\u00f3 a 295.532, de ellos 28.194 se mantienen activos. Los pacientes recuperados son 261.032.<\/strong><\/p>\n<p>Tambi\u00e9n inform\u00f3 que hay 2.078 pacientes internados en unidades de cuidados intensivos, de los cuales 1.736 se encuentran conectados a ventiladores mec\u00e1nicos y 385 permanecen en estado cr\u00edtico. La disponibilidad de ventiladores es de 350 a nivel nacional.<\/p>\n<p><strong>Asimismo, destac\u00f3 que este s\u00e1bado se realizaron 18.004 ex\u00e1menes de PCR y que el total lleg\u00f3 a 1.181.884 Finalmente, se\u00f1al\u00f3 que hay 9.952 cupos en 152 residencias sanitarias en todo el pa\u00eds. Los usuarios de \u00e9stas alcanzan a las 5.367 personas.<\/strong><\/p>\n","protected":false},"excerpt":{"rendered":"<p>El total de casos lleg\u00f3 a 295.532, de ellos 28.194 se mantienen activos. Los pacientes recuperados son 261.032 &nbsp; El Ministerio de Salud inform\u00f3 este&hellip;<\/p>\n","protected":false},"author":99,"featured_media":0,"comment_status":"open","ping_status":"open","sticky":false,"template":"","format":"standard","meta":{"footnotes":""},"categories":[23],"tags":[],"class_list":["post-492507","post","type-post","status-publish","format-standard","hentry","category-latinoamerica"],"_links":{"self":[{"href":"https:\/\/diarioelpopular.com\/index.php\/wp-json\/wp\/v2\/posts\/492507","targetHints":{"allow":["GET"]}}],"collection":[{"href":"https:\/\/diarioelpopular.com\/index.php\/wp-json\/wp\/v2\/posts"}],"about":[{"href":"https:\/\/diarioelpopular.com\/index.php\/wp-json\/wp\/v2\/types\/post"}],"author":[{"embeddable":true,"href":"https:\/\/diarioelpopular.com\/index.php\/wp-json\/wp\/v2\/users\/99"}],"replies":[{"embeddable":true,"href":"https:\/\/diarioelpopular.com\/index.php\/wp-json\/wp\/v2\/comments?post=492507"}],"version-history":[{"count":1,"href":"https:\/\/diarioelpopular.com\/index.php\/wp-json\/wp\/v2\/posts\/492507\/revisions"}],"predecessor-version":[{"id":492509,"href":"https:\/\/diarioelpopular.com\/index.php\/wp-json\/wp\/v2\/posts\/492507\/revisions\/492509"}],"wp:attachment":[{"href":"https:\/\/diarioelpopular.com\/index.php\/wp-json\/wp\/v2\/media?parent=492507"}],"wp:term":[{"taxonomy":"category","embeddable":true,"href":"https:\/\/diarioelpopular.com\/index.php\/wp-json\/wp\/v2\/categories?post=492507"},{"taxonomy":"post_tag","embeddable":true,"href":"https:\/\/diarioelpopular.com\/index.php\/wp-json\/wp\/v2\/tags?post=492507"}],"curies":[{"name":"wp","href":"https:\/\/api.w.org\/{rel}","templated":true}]}}