{"id":492523,"date":"2020-07-06T10:58:44","date_gmt":"2020-07-06T14:58:44","guid":{"rendered":"https:\/\/diarioelpopular.com\/?p=492523"},"modified":"2020-07-06T10:58:44","modified_gmt":"2020-07-06T14:58:44","slug":"chile-limita-los-periodos-de-diputados-y-senadores","status":"publish","type":"post","link":"https:\/\/diarioelpopular.com\/index.php\/2020\/07\/06\/chile-limita-los-periodos-de-diputados-y-senadores\/","title":{"rendered":"Chile limita los periodos de diputados y senadores"},"content":{"rendered":"<div id=\"attachment_492524\" style=\"width: 646px\" class=\"wp-caption alignnone\"><img loading=\"lazy\" decoding=\"async\" aria-describedby=\"caption-attachment-492524\" class=\"size-custom-full-size wp-image-492524\" src=\"https:\/\/diarioelpopular.com\/wp-content\/uploads\/2020\/07\/pinera-636x424.jpg\" alt=\"\" width=\"636\" height=\"424\" \/><p id=\"caption-attachment-492524\" class=\"wp-caption-text\">El presidente de Chile, Sebasti\u00e1n Pi\u00f1era.<\/p><\/div>\n<h4><em><strong>El presidente de Chile, Sebasti\u00e1n Pi\u00f1era, dio el \u00faltimo paso que faltaba para que se apruebe una ley que limita las reelecciones de varios cargos, incluyendo la de diputados y senadores.<\/strong><\/em><\/h4>\n<p>Desde ahora los senadores, diputados, consejeros regionales, alcaldes y concejales en el pa\u00eds, podr\u00e1n ocupar estos cargos hasta tres veces seguidas. En el caso de los diputados podr\u00e1n estar hasta por 12 a\u00f1os. Es decir, una primera elecci\u00f3n y m\u00e1ximo dos reelecciones. Mientras que los senadores solo podr\u00e1n estar dos periodos, que juntos suman 16 a\u00f1os.<\/p>\n<p>Por causa de la pandemia de COVID-19 la econom\u00eda de Chile cay\u00f3 15% en mayo<\/p>\n<p>&#8220;Las democracias son seres vivos que necesitan renovarse, oxigenarse y adecuarse a las aspiraciones y necesidades de los ciudadanos y a las realidades y cambios de los tiempos!, indic\u00f3 Pi\u00f1era.<\/p>\n<p>La tramitaci\u00f3n de esta norma ha durado 14 a\u00f1os.<\/p>\n<p>De acuerdo con el diario chileno La Tercera, el mandatario a\u00f1adi\u00f3 que la ley interpreta una demanda de los ciudadanos.<\/p>\n","protected":false},"excerpt":{"rendered":"<p>El presidente de Chile, Sebasti\u00e1n Pi\u00f1era, dio el \u00faltimo paso que faltaba para que se apruebe una ley que limita las reelecciones de varios cargos,&hellip;<\/p>\n","protected":false},"author":99,"featured_media":0,"comment_status":"open","ping_status":"open","sticky":false,"template":"","format":"standard","meta":{"footnotes":""},"categories":[23],"tags":[],"class_list":["post-492523","post","type-post","status-publish","format-standard","hentry","category-latinoamerica"],"_links":{"self":[{"href":"https:\/\/diarioelpopular.com\/index.php\/wp-json\/wp\/v2\/posts\/492523","targetHints":{"allow":["GET"]}}],"collection":[{"href":"https:\/\/diarioelpopular.com\/index.php\/wp-json\/wp\/v2\/posts"}],"about":[{"href":"https:\/\/diarioelpopular.com\/index.php\/wp-json\/wp\/v2\/types\/post"}],"author":[{"embeddable":true,"href":"https:\/\/diarioelpopular.com\/index.php\/wp-json\/wp\/v2\/users\/99"}],"replies":[{"embeddable":true,"href":"https:\/\/diarioelpopular.com\/index.php\/wp-json\/wp\/v2\/comments?post=492523"}],"version-history":[{"count":1,"href":"https:\/\/diarioelpopular.com\/index.php\/wp-json\/wp\/v2\/posts\/492523\/revisions"}],"predecessor-version":[{"id":492525,"href":"https:\/\/diarioelpopular.com\/index.php\/wp-json\/wp\/v2\/posts\/492523\/revisions\/492525"}],"wp:attachment":[{"href":"https:\/\/diarioelpopular.com\/index.php\/wp-json\/wp\/v2\/media?parent=492523"}],"wp:term":[{"taxonomy":"category","embeddable":true,"href":"https:\/\/diarioelpopular.com\/index.php\/wp-json\/wp\/v2\/categories?post=492523"},{"taxonomy":"post_tag","embeddable":true,"href":"https:\/\/diarioelpopular.com\/index.php\/wp-json\/wp\/v2\/tags?post=492523"}],"curies":[{"name":"wp","href":"https:\/\/api.w.org\/{rel}","templated":true}]}}