{"id":492529,"date":"2020-07-06T21:36:25","date_gmt":"2020-07-07T01:36:25","guid":{"rendered":"https:\/\/diarioelpopular.com\/?p=492529"},"modified":"2020-07-06T21:36:25","modified_gmt":"2020-07-07T01:36:25","slug":"peru-quinto-en-el-mundo-por-contagios","status":"publish","type":"post","link":"https:\/\/diarioelpopular.com\/index.php\/2020\/07\/06\/peru-quinto-en-el-mundo-por-contagios\/","title":{"rendered":"Per\u00fa, quinto en el mundo por contagios"},"content":{"rendered":"<div id=\"attachment_492530\" style=\"width: 160px\" class=\"wp-caption alignnone\"><img loading=\"lazy\" decoding=\"async\" aria-describedby=\"caption-attachment-492530\" class=\"size-thumbnail wp-image-492530\" src=\"https:\/\/diarioelpopular.com\/wp-content\/uploads\/2020\/07\/473e22dcfdcb35b2b6ee09d4034c7cb7-150x150.jpg\" alt=\"\" width=\"150\" height=\"150\" \/><p id=\"caption-attachment-492530\" class=\"wp-caption-text\"><em>No paran los contagios en el pa\u00eds andino.<\/em><\/p><\/div>\n<p>&nbsp;<\/p>\n<p><em><strong>LIMA, 6 JUL &#8211;<\/strong><\/em> La pandemia del coronavirus en Per\u00fa super\u00f3 los 300 mil casos, llevando al pa\u00eds a la quinta posici\u00f3n por contagios en el mundo, despu\u00e9s de Estados Unidos, Brasil, India y Rusia, y por encima de pa\u00edses europeos gravemente afectados como Gran Breta\u00f1a, Italia y Espa\u00f1a.<br \/>\nDel \u00faltimo reporte del ministerio de Salud peruano emerge que los contagiados son en total 302 mil 718, de los cuales 10 mil 589 murieron, y que las personas sanadas son ahora casi 194 mil.<br \/>\nMientras buscaba regresar a una relativa normalidad, sobre todo para las actividades econ\u00f3micas, Per\u00fa alcanz\u00f3 el 113mo d\u00eda de emergencia nacional, decretada por el presidente Mart\u00edn Vizcarra para combatir los efectos del Covid-19.<br \/>\nPor su parte el diario El Comercio public\u00f3 hoy estimaciones del economista Elmer Cuba seg\u00fan el cual la econom\u00eda peruana se contraer\u00e1 en mayo el 35% y en junio el 25%, con una ca\u00edda acumulada para el segundo trimestre de 2020 del 33%, en comparaci\u00f3n con el mismo per\u00edodo del a\u00f1o pasado.<\/p>\n","protected":false},"excerpt":{"rendered":"<p>&nbsp; LIMA, 6 JUL &#8211; La pandemia del coronavirus en Per\u00fa super\u00f3 los 300 mil casos, llevando al pa\u00eds a la quinta posici\u00f3n por contagios&hellip;<\/p>\n","protected":false},"author":99,"featured_media":0,"comment_status":"open","ping_status":"open","sticky":false,"template":"","format":"standard","meta":{"footnotes":""},"categories":[23],"tags":[],"class_list":["post-492529","post","type-post","status-publish","format-standard","hentry","category-latinoamerica"],"_links":{"self":[{"href":"https:\/\/diarioelpopular.com\/index.php\/wp-json\/wp\/v2\/posts\/492529","targetHints":{"allow":["GET"]}}],"collection":[{"href":"https:\/\/diarioelpopular.com\/index.php\/wp-json\/wp\/v2\/posts"}],"about":[{"href":"https:\/\/diarioelpopular.com\/index.php\/wp-json\/wp\/v2\/types\/post"}],"author":[{"embeddable":true,"href":"https:\/\/diarioelpopular.com\/index.php\/wp-json\/wp\/v2\/users\/99"}],"replies":[{"embeddable":true,"href":"https:\/\/diarioelpopular.com\/index.php\/wp-json\/wp\/v2\/comments?post=492529"}],"version-history":[{"count":1,"href":"https:\/\/diarioelpopular.com\/index.php\/wp-json\/wp\/v2\/posts\/492529\/revisions"}],"predecessor-version":[{"id":492531,"href":"https:\/\/diarioelpopular.com\/index.php\/wp-json\/wp\/v2\/posts\/492529\/revisions\/492531"}],"wp:attachment":[{"href":"https:\/\/diarioelpopular.com\/index.php\/wp-json\/wp\/v2\/media?parent=492529"}],"wp:term":[{"taxonomy":"category","embeddable":true,"href":"https:\/\/diarioelpopular.com\/index.php\/wp-json\/wp\/v2\/categories?post=492529"},{"taxonomy":"post_tag","embeddable":true,"href":"https:\/\/diarioelpopular.com\/index.php\/wp-json\/wp\/v2\/tags?post=492529"}],"curies":[{"name":"wp","href":"https:\/\/api.w.org\/{rel}","templated":true}]}}